{"id":324249,"date":"2026-03-31T08:50:00","date_gmt":"2026-03-31T12:50:00","guid":{"rendered":"https:\/\/villanews.com.br\/?p=324249"},"modified":"2026-03-31T08:50:00","modified_gmt":"2026-03-31T12:50:00","slug":"projeto-amplia-atendimento-especializado-em-concursos-para-pessoas-com-tdah-e-dislexia","status":"publish","type":"post","link":"https:\/\/villanews.com.br\/?p=324249","title":{"rendered":"Projeto amplia atendimento especializado em concursos para pessoas com TDAH e dislexia"},"content":{"rendered":"<article class=\"g-artigo artigo--noticia\">\n<span>Pol\u00edtica e Administra\u00e7\u00e3o P\u00fablica<\/span>\n<h1>Projeto amplia atendimento especializado em concursos para pessoas com TDAH e dislexia<\/h1>\n<p>Para virar lei, a proposta precisa ser aprovada pela C\u00e2mara e pelo Senado<\/p>\n<div>\n<p>\n\t\t\t\t\t\t\t\t\t\t\t31\/03\/2026 &#8211; 09:50 \u00a0\n\t\t\t\t\t\t\t\t\t\t<\/p>\n<p><em>Vinicius Loures\/C\u00e2mara dos Deputados<\/em><br \/>\n<img decoding=\"async\" src=\"https:\/\/www.camara.leg.br\/midias\/image\/2026\/03\/img20250326154847172-768x473.jpg\" \/><\/p>\n<div>Waldemar Oliveira \u00e9 o autor do projeto<\/div>\n<p>O Projeto de Lei 6264\/25 amplia o direito ao atendimento especializado em concursos p\u00fablicos e vestibulares para candidatos com transtornos de neurodesenvolvimento. A proposta, de autoria do deputado Waldemar Oliveira (Avante-PE), est\u00e1 em an\u00e1lise na C\u00e2mara dos Deputados.<\/p>\n<p><span>O texto altera a\u00a0<a href=\"https:\/\/www2.camara.gov.br\/legin\/fed\/lei\/2021\/lei-14254-30-novembro-2021-792022-norma-pl.html\">Lei 14.254\/21<\/a> para obrigar os editais de concursos e sele\u00e7\u00f5es de universidades federais a preverem medidas espec\u00edficas para esses candidatos.\u00a0 <\/span>Entre os benefici\u00e1rios est\u00e3o pessoas com dislexia, discalculia e transtorno do d\u00e9ficit de aten\u00e7\u00e3o com hiperatividade (TDAH).<\/p>\n<p><strong>Como pedir o atendimento<\/strong><\/p>\n<p>\n\t\t\t\tO candidato deve solicitar o atendimento especializado. Para isso, deve apresentar laudo de um profissional de sa\u00fade habilitado que comprove o transtorno.<\/p>\n<p>A proposta garante condi\u00e7\u00f5es adequadas para os candidatos participarem dos processos seletivos, por meio de adapta\u00e7\u00f5es que atendam \u00e0s necessidades individuais.<\/p>\n<p>S\u00e3o consideradas adapta\u00e7\u00f5es razo\u00e1veis, entre outras:<\/p>\n<ul>\n<li>concess\u00e3o de tempo extra para fazer as provas;<\/li>\n<li>disponibiliza\u00e7\u00e3o de ledor (pessoa que l\u00ea a prova) ou aux\u00edlio para transcri\u00e7\u00e3o; e<\/li>\n<li>uso de provas com diagrama\u00e7\u00e3o e fontes adaptadas.<\/li>\n<\/ul>\n<p><strong>Pr\u00f3ximos passos<br \/>\n<\/strong>O projeto tramita em <span title=\"Rito de tramita\u00e7\u00e3o pelo qual o projeto \u00e9 votado apenas pelas comiss\u00f5es designadas para analis\u00e1-lo, dispensada a delibera\u00e7\u00e3o do Plen\u00e1rio. O projeto perde o car\u00e1ter conclusivo se houver decis\u00e3o divergente entre as comiss\u00f5es ou se, independentemente de ser aprovado ou rejeitado, houver recurso assinado por 52 deputados para a aprecia\u00e7\u00e3o da mat\u00e9ria no Plen\u00e1rio.\">car\u00e1ter conclusivo<\/span> e ser\u00e1 analisado pelas comiss\u00f5es de Educa\u00e7\u00e3o; de Administra\u00e7\u00e3o e Servi\u00e7o P\u00fablico; de Defesa dos Direitos das Pessoas com Defici\u00eancia; de Finan\u00e7as e Tributa\u00e7\u00e3o; e de Constitui\u00e7\u00e3o e Justi\u00e7a e de Cidadania.<\/p>\n<p>Para virar lei, a proposta precisa ser aprovada pela C\u00e2mara e pelo Senado.<\/p>\n<ul>\n<li><a href=\"https:\/\/www.camara.leg.br\/noticias\/573454-SAIBA-MAIS-SOBRE-A-TRAMITACAO-DE-PROJETOS-DE-LEI\">Saiba mais sobre a tramita\u00e7\u00e3o de projetos de lei<\/a><\/li>\n<\/ul>\n<p>Reportagem \u2013 Natalia Doederlein<\/p>\n<p>Edi\u00e7\u00e3o \u2013 Rachel Librelon<\/p>\n<\/div>\n<\/article>","protected":false},"excerpt":{"rendered":"<p>Pol\u00edtica e Administra\u00e7\u00e3o P\u00fablica Projeto amplia atendimento especializado em concursos para pessoas com TDAH e dislexia Para virar lei, a&hellip;<\/p>\n","protected":false},"author":4,"featured_media":324250,"comment_status":"open","ping_status":"open","sticky":false,"template":"","format":"standard","meta":{"footnotes":""},"categories":[240],"tags":[],"class_list":["post-324249","post","type-post","status-publish","format-standard","has-post-thumbnail","hentry","category-camara-dos-deputados"],"_links":{"self":[{"href":"https:\/\/villanews.com.br\/index.php?rest_route=\/wp\/v2\/posts\/324249","targetHints":{"allow":["GET"]}}],"collection":[{"href":"https:\/\/villanews.com.br\/index.php?rest_route=\/wp\/v2\/posts"}],"about":[{"href":"https:\/\/villanews.com.br\/index.php?rest_route=\/wp\/v2\/types\/post"}],"author":[{"embeddable":true,"href":"https:\/\/villanews.com.br\/index.php?rest_route=\/wp\/v2\/users\/4"}],"replies":[{"embeddable":true,"href":"https:\/\/villanews.com.br\/index.php?rest_route=%2Fwp%2Fv2%2Fcomments&post=324249"}],"version-history":[{"count":0,"href":"https:\/\/villanews.com.br\/index.php?rest_route=\/wp\/v2\/posts\/324249\/revisions"}],"wp:featuredmedia":[{"embeddable":true,"href":"https:\/\/villanews.com.br\/index.php?rest_route=\/wp\/v2\/media\/324250"}],"wp:attachment":[{"href":"https:\/\/villanews.com.br\/index.php?rest_route=%2Fwp%2Fv2%2Fmedia&parent=324249"}],"wp:term":[{"taxonomy":"category","embeddable":true,"href":"https:\/\/villanews.com.br\/index.php?rest_route=%2Fwp%2Fv2%2Fcategories&post=324249"},{"taxonomy":"post_tag","embeddable":true,"href":"https:\/\/villanews.com.br\/index.php?rest_route=%2Fwp%2Fv2%2Ftags&post=324249"}],"curies":[{"name":"wp","href":"https:\/\/api.w.org\/{rel}","templated":true}]}}