{"id":324224,"date":"2026-03-31T08:30:38","date_gmt":"2026-03-31T12:30:38","guid":{"rendered":"https:\/\/villanews.com.br\/?p=324224"},"modified":"2026-03-31T08:30:38","modified_gmt":"2026-03-31T12:30:38","slug":"atlasintel-divulga-pesquisa-para-senador-por-sao-paulo-veja-os-numeros","status":"publish","type":"post","link":"https:\/\/villanews.com.br\/?p=324224","title":{"rendered":"AtlasIntel divulga pesquisa para senador por S\u00e3o Paulo; veja os n\u00fameros"},"content":{"rendered":"<div class=\"postBody_post-body-container__1KhtH\">\n<p>A AtlasIntel divulgou nesta ter\u00e7a-feira (31) uma pesquisa com as inten\u00e7\u00f5es de voto para senador por S\u00e3o Paulo nas elei\u00e7\u00f5es de 2026.<\/p>\n<p>Foram apresentados aos entrevistados dois cen\u00e1rios estimulados com primeiro e segundo voto em cada um deles, uma vez que nas elei\u00e7\u00f5es deste ano duas cadeiras est\u00e3o em disputa por estado.\u00a0<\/p>\n<p>Os dois cen\u00e1rios mostram uma disputa indefinida pelas duas cadeiras, com tr\u00eas potenciais candidatos se destacando nas inten\u00e7\u00f5es de voto.<\/p>\n<p>VEJA TAMB\u00c9M:<\/p>\n<h2>Pesquisa para senador por S\u00e3o Paulo<\/h2>\n<p>A AtlasIntel fez pesquisa com dois cen\u00e1rios estimulados (quando s\u00e3o mostrados os nomes) e consolidou o primeiro e segundo votos.<\/p>\n<h3>Primeiro cen\u00e1rio mostra disputa indefinida <\/h3>\n<ul>\n<li><span>Simone Tebet (PSB):\u00a022,6%<\/span><\/li>\n<li><span>Guilherme Derrite (PP):\u00a022%<\/span><\/li>\n<li><span>Marina Silva (Rede):\u00a019,6%<\/span><\/li>\n<li>Coronel Mello Ara\u00fajo (PL): 14,8%<\/li>\n<li><span>Ricardo Salles (Novo):\u00a011,01%<\/span><\/li>\n<li><span>Paulinho da For\u00e7a (Solidariedade):\u00a00,5%<\/span><\/li>\n<li><span>Branco\/nulo:\u00a06,7%<\/span><\/li>\n<li>N\u00e3o sabe: 2,8%<\/li>\n<\/ul>\n<h3>Sem Simone Tebet, segundo cen\u00e1rio segue indefinido <\/h3>\n<ul>\n<li><span>Guilherme Derrite (PP):\u00a022,1%<\/span><\/li>\n<li><span>Fernando Haddad (PT):\u00a021,8%<\/span><\/li>\n<li><span>Marina Silva (Rede):\u00a019,7%<\/span><\/li>\n<li><span>Ricardo Salles (Novo):\u00a012,8%<\/span><\/li>\n<li><span>M\u00e1rio Frias (PL):\u00a012,3%<\/span><\/li>\n<li><span>Paulinho da For\u00e7a (Solidariedade):\u00a00,6%<\/span><\/li>\n<li><span>Branco\/nulo:\u00a08%<\/span><\/li>\n<li>N\u00e3o sabe: 2,7%<\/li>\n<\/ul>\n<p><strong>Metodologia<\/strong>: A pesquisa ouviu 2.254 pessoas entre os dias 24 e 27 de mar\u00e7o. A margem de erro \u00e9 de 2 pontos percentuais, para mais ou para menos. A pesquisa foi contratada pelo pr\u00f3prio instituto. O n\u00edvel de confian\u00e7a \u00e9 de 95%. Registro no TSE n\u00ba SP-00899\/2026.\u00a0<\/p>\n<h4>Por que a Gazeta do Povo publica pesquisas eleitorais\u00a0\u00a0<\/h4>\n<p>A <strong>Gazeta do Povo<\/strong> publica h\u00e1 anos todas as pesquisas de inten\u00e7\u00e3o de voto realizadas pelos principais institutos de opini\u00e3o p\u00fablica do pa\u00eds. As pesquisas de inten\u00e7\u00e3o de voto fazem uma leitura de momento, com base em amostras representativas da popula\u00e7\u00e3o.<\/p>\n<p>M\u00e9todos de entrevistas, composi\u00e7\u00e3o e n\u00famero da amostra e at\u00e9 mesmo a forma como uma pergunta \u00e9 feita s\u00e3o fatores que podem influenciar no resultado. Por isso \u00e9 importante ficar atento \u00e0s informa\u00e7\u00f5es de metodologias, encontradas no fim das mat\u00e9rias da <strong>Gazeta do Povo<\/strong> sobre pesquisas eleitorais.<\/p>\n<p>Pesquisas publicadas nas elei\u00e7\u00f5es de 2022, por exemplo, apontaram discrep\u00e2ncias relevantes em rela\u00e7\u00e3o ao resultado apresentado na urna. Feitos esses apontamentos, a <strong>Gazeta do Povo<\/strong> considera que as pesquisas eleitorais, longe de serem uma previs\u00e3o do resultado das elei\u00e7\u00f5es, s\u00e3o uma ferramenta de informa\u00e7\u00e3o \u00e0 disposi\u00e7\u00e3o do leitor, j\u00e1 que os resultados divulgados t\u00eam potencial de influenciar decis\u00f5es de partidos, de lideran\u00e7as pol\u00edticas e at\u00e9 mesmo os humores do mercado financeiro.<\/p>\n<p>VEJA TAMB\u00c9M:<\/p>\n<\/div>","protected":false},"excerpt":{"rendered":"<p>A AtlasIntel divulgou nesta ter\u00e7a-feira (31) uma pesquisa com as inten\u00e7\u00f5es de voto para senador por S\u00e3o Paulo nas elei\u00e7\u00f5es&hellip;<\/p>\n","protected":false},"author":4,"featured_media":324225,"comment_status":"open","ping_status":"open","sticky":false,"template":"","format":"standard","meta":{"footnotes":""},"categories":[204],"tags":[],"class_list":["post-324224","post","type-post","status-publish","format-standard","has-post-thumbnail","hentry","category-ultimas-noticias"],"_links":{"self":[{"href":"https:\/\/villanews.com.br\/index.php?rest_route=\/wp\/v2\/posts\/324224","targetHints":{"allow":["GET"]}}],"collection":[{"href":"https:\/\/villanews.com.br\/index.php?rest_route=\/wp\/v2\/posts"}],"about":[{"href":"https:\/\/villanews.com.br\/index.php?rest_route=\/wp\/v2\/types\/post"}],"author":[{"embeddable":true,"href":"https:\/\/villanews.com.br\/index.php?rest_route=\/wp\/v2\/users\/4"}],"replies":[{"embeddable":true,"href":"https:\/\/villanews.com.br\/index.php?rest_route=%2Fwp%2Fv2%2Fcomments&post=324224"}],"version-history":[{"count":0,"href":"https:\/\/villanews.com.br\/index.php?rest_route=\/wp\/v2\/posts\/324224\/revisions"}],"wp:featuredmedia":[{"embeddable":true,"href":"https:\/\/villanews.com.br\/index.php?rest_route=\/wp\/v2\/media\/324225"}],"wp:attachment":[{"href":"https:\/\/villanews.com.br\/index.php?rest_route=%2Fwp%2Fv2%2Fmedia&parent=324224"}],"wp:term":[{"taxonomy":"category","embeddable":true,"href":"https:\/\/villanews.com.br\/index.php?rest_route=%2Fwp%2Fv2%2Fcategories&post=324224"},{"taxonomy":"post_tag","embeddable":true,"href":"https:\/\/villanews.com.br\/index.php?rest_route=%2Fwp%2Fv2%2Ftags&post=324224"}],"curies":[{"name":"wp","href":"https:\/\/api.w.org\/{rel}","templated":true}]}}