{"id":324222,"date":"2026-03-31T08:36:35","date_gmt":"2026-03-31T12:36:35","guid":{"rendered":"https:\/\/villanews.com.br\/?p=324222"},"modified":"2026-03-31T08:36:35","modified_gmt":"2026-03-31T12:36:35","slug":"estiagem-atinge-11-cidades-e-provoca-prejuizo-de-r-438-milhoes-no-pr","status":"publish","type":"post","link":"https:\/\/villanews.com.br\/?p=324222","title":{"rendered":"Estiagem atinge 11 cidades e provoca preju\u00edzo de R$ 438 milh\u00f5es no PR"},"content":{"rendered":"<div class=\"postBody_post-body-container__1KhtH\">\n<p>A falta de chuvas em v\u00e1rias regi\u00f5es do Paran\u00e1 nos \u00faltimos meses tem provocado um preju\u00edzo consider\u00e1vel para o estado. Dados da Coordenadoria Estadual da Defesa Civil apontam que 11 munic\u00edpios est\u00e3o em situa\u00e7\u00e3o de emerg\u00eancia provocados pela estiagem. Destes, oito deles foram emitidos apenas neste m\u00eas de mar\u00e7o. O preju\u00edzo estimado com a estiagem chega a R$ 438,2 milh\u00f5es, conforme o levantamento da Defesa Civil.<\/p>\n<p>Os munic\u00edpios de Iretama, Laranjal, Santa Helena, Espig\u00e3o do Alto Igua\u00e7u, Roncador, Capanema, Nova Prata do Igua\u00e7u e Santa Mariana foram afetados com a falta de chuvas e decretaram situa\u00e7\u00e3o de emerg\u00eancia neste m\u00eas de mar\u00e7o. Outras cidades como Borraz\u00f3polis, Antonina e Terra Rica tamb\u00e9m est\u00e3o sobre decreto, mas registraram emerg\u00eancia em fevereiro, janeiro e outubro do ano passado respectivamente.<\/p>\n<p>A situa\u00e7\u00e3o de emerg\u00eancia acontece quando um desastre compromete a gest\u00e3o do munic\u00edpio. \u00c9 um pedido de socorro, um apoio externo para enfrentar os danos e restabelecer servi\u00e7os essenciais. Segundo o Minist\u00e9rio da Integra\u00e7\u00e3o e do Desenvolvimento Regional, munic\u00edpios que decretam situa\u00e7\u00e3o de emerg\u00eancia precisam de apoio a n\u00edvel estadual ou federal para se recuperar.<\/p>\n<p>A Secretaria Nacional de Prote\u00e7\u00e3o e Defesa Civil reconheceu nesta segunda-feira (30), no Di\u00e1rio Oficial da Uni\u00e3o, a situa\u00e7\u00e3o de emerg\u00eancia do munic\u00edpio de Capanema devido \u00e0 estiagem. Com a publica\u00e7\u00e3o, a cidade recebe tamb\u00e9m o apoio federal.<\/p>\n<h2>Ag\u00eancia Nacional das \u00c1guas alerta sobre a estiagem no Paran\u00e1<\/h2>\n<p>A seca tem avan\u00e7ado na regi\u00e3o centro-oeste do Paran\u00e1 nos primeiros meses de 2026. Dados do Monitor de Secas da Ag\u00eancia Nacional de \u00c1guas (ANA), publicado em fevereiro, aponta para chuvas abaixo da m\u00e9dia no Estado. O estudo \u00e9 realizado em parceria com o Sistema de Tecnologia e Monitoramento Ambiental do Paran\u00e1 (Simepar) e outros institutos.<\/p>\n<p>Seis esta\u00e7\u00f5es meteorol\u00f3gicas do Simepar apontaram um acumulado abaixo de 60 mm em fevereiro. Os dados do m\u00eas de mar\u00e7o ainda n\u00e3o foram consolidados pelo instituto.<\/p>\n<p>No entanto, \u00e9 poss\u00edvel dizer que a seca se agravou em mar\u00e7o. Das 52 esta\u00e7\u00f5es meteorol\u00f3gicas com pluvi\u00f4metro \u2013 que realiza o registro de chuva -, apenas seis atingiram a m\u00e9dia de chuva para o m\u00eas at\u00e9 o fim da manh\u00e3 desta segunda-feira (30\/03).<\/p>\n<p>\u201cA anomalia negativa de precipita\u00e7\u00e3o culminou em um avan\u00e7o da seca fraca, que j\u00e1 era observada em janeiro no Sudoeste e no Centro do Estado. Ela avan\u00e7ou at\u00e9 o leste da regi\u00e3o Oeste, grande parte do Sudoeste tamb\u00e9m, e ao sul da regi\u00e3o Noroeste do Estado. Estamos falando de Cianorte, Campo Mour\u00e3o e parte de Cascavel. A aus\u00eancia de chuva foi provocada pela atua\u00e7\u00e3o de mais massas de ar seco, ao inv\u00e9s de uma grande concentra\u00e7\u00e3o de umidade na atmosfera, que \u00e9 esperada para esta \u00e9poca do ano, mas n\u00e3o aconteceu\u201d, detalha Reinaldo Kneib<strong>,<\/strong> meteorologista do Simepar.<\/p>\n<h2>Estiagem no Paran\u00e1 pode comprometer milho safrinha<\/h2>\n<p>O Simeagro, plataforma de intelig\u00eancia clim\u00e1tica do Simepar, revela que a falta de chuva tem ocasionado atrasos na germina\u00e7\u00e3o do milho safrinha nas regi\u00f5es Norte e Oeste.<\/p>\n<p>\u201c\u00c9 esperada a chegada de chuvas com volumes um pouco maiores nos pr\u00f3ximos dias, mas, ainda assim, tem um grande risco de um atraso de crescimento nas plantas ocasionar problemas futuros, com a entrada em novos per\u00edodos de calor\u201d, explica Bernardo Lipski, engenheiro agr\u00f4nomo do Simepar.<\/p>\n<p>VEJA TAMB\u00c9M:<\/p>\n<\/div>","protected":false},"excerpt":{"rendered":"<p>A falta de chuvas em v\u00e1rias regi\u00f5es do Paran\u00e1 nos \u00faltimos meses tem provocado um preju\u00edzo consider\u00e1vel para o estado.&hellip;<\/p>\n","protected":false},"author":4,"featured_media":324223,"comment_status":"open","ping_status":"open","sticky":false,"template":"","format":"standard","meta":{"footnotes":""},"categories":[204],"tags":[],"class_list":["post-324222","post","type-post","status-publish","format-standard","has-post-thumbnail","hentry","category-ultimas-noticias"],"_links":{"self":[{"href":"https:\/\/villanews.com.br\/index.php?rest_route=\/wp\/v2\/posts\/324222","targetHints":{"allow":["GET"]}}],"collection":[{"href":"https:\/\/villanews.com.br\/index.php?rest_route=\/wp\/v2\/posts"}],"about":[{"href":"https:\/\/villanews.com.br\/index.php?rest_route=\/wp\/v2\/types\/post"}],"author":[{"embeddable":true,"href":"https:\/\/villanews.com.br\/index.php?rest_route=\/wp\/v2\/users\/4"}],"replies":[{"embeddable":true,"href":"https:\/\/villanews.com.br\/index.php?rest_route=%2Fwp%2Fv2%2Fcomments&post=324222"}],"version-history":[{"count":0,"href":"https:\/\/villanews.com.br\/index.php?rest_route=\/wp\/v2\/posts\/324222\/revisions"}],"wp:featuredmedia":[{"embeddable":true,"href":"https:\/\/villanews.com.br\/index.php?rest_route=\/wp\/v2\/media\/324223"}],"wp:attachment":[{"href":"https:\/\/villanews.com.br\/index.php?rest_route=%2Fwp%2Fv2%2Fmedia&parent=324222"}],"wp:term":[{"taxonomy":"category","embeddable":true,"href":"https:\/\/villanews.com.br\/index.php?rest_route=%2Fwp%2Fv2%2Fcategories&post=324222"},{"taxonomy":"post_tag","embeddable":true,"href":"https:\/\/villanews.com.br\/index.php?rest_route=%2Fwp%2Fv2%2Ftags&post=324222"}],"curies":[{"name":"wp","href":"https:\/\/api.w.org\/{rel}","templated":true}]}}