{"id":324205,"date":"2026-03-31T08:19:59","date_gmt":"2026-03-31T12:19:59","guid":{"rendered":"https:\/\/villanews.com.br\/?p=324205"},"modified":"2026-03-31T08:19:59","modified_gmt":"2026-03-31T12:19:59","slug":"trump-diz-que-franca-nao-permitiu-que-avioes-com-suprimentos-militares-para-israel-sobrevoassem-pais","status":"publish","type":"post","link":"https:\/\/villanews.com.br\/?p=324205","title":{"rendered":"Trump diz que Fran\u00e7a n\u00e3o permitiu que avi\u00f5es com suprimentos militares para Israel sobrevoassem pa\u00eds"},"content":{"rendered":"<div class=\"postBody_post-body-container__1KhtH\">\n<p>O presidente dos Estados Unidos, Donald Trump, disse nesta ter\u00e7a-feira (31) que o governo da Fran\u00e7a n\u00e3o autorizou que avi\u00f5es americanos que levariam suprimentos militares para Israel transitassem pelo espa\u00e7o a\u00e9reo franc\u00eas.<\/p>\n<p>\u201cA Fran\u00e7a n\u00e3o permitiu que avi\u00f5es carregados com suprimentos militares rumo a Israel sobrevoassem o territ\u00f3rio franc\u00eas. A Fran\u00e7a n\u00e3o ajudou em nada em rela\u00e7\u00e3o ao \u2018Carniceiro do Ir\u00e3\u2019, que foi eliminado com sucesso! Os EUA se lembrar\u00e3o disso!\u201d, escreveu Trump na rede Truth Social. O governo Macron ainda n\u00e3o se pronunciou sobre o assunto.<\/p>\n<p>O \u201cCarniceiro do Ir\u00e3\u201d mencionado pelo presidente americano provavelmente \u00e9 o ex-l\u00edder supremo do Ir\u00e3, Ali Khamenei, morto em 28 de fevereiro, no primeiro dia da guerra de Israel e EUA contra o regime iraniano. Ele foi substitu\u00eddo pelo seu filho, Mojtaba Khamenei.<\/p>\n<p>Trump tem criticado os aliados da Otan por n\u00e3o terem ajudado por enquanto na reabertura do Estreito de Ormuz, passagem que foi fechada quase totalmente pelo Ir\u00e3 ap\u00f3s o in\u00edcio do conflito e por onde transitavam cerca de 20% do petr\u00f3leo e do g\u00e1s natural liquefeito (GNL) do mundo antes da guerra.<\/p>\n<p>Al\u00e9m da Fran\u00e7a, o governo da It\u00e1lia <a href=\"https:\/\/www.gazetadopovo.com.br\/mundo\/apos-espanha-italia-nao-autoriza-pouso-aeronaves-militares-eua-base-guerra-ira\/\">negou permiss\u00e3o<\/a> para que aeronaves militares dos EUA pousassem na base a\u00e9rea de Sigonella, na Sic\u00edlia, antes de seguirem para o Oriente M\u00e9dio para a guerra contra o Ir\u00e3, e a Espanha <a href=\"https:\/\/www.gazetadopovo.com.br\/mundo\/espanha-fecha-espaco-aereo-avioes-eua-participam-guerra-ira\/\">n\u00e3o autorizou<\/a> o uso das bases de Rota e Mor\u00f3n nem a utiliza\u00e7\u00e3o de seu espa\u00e7o a\u00e9reo para opera\u00e7\u00f5es relacionadas ao conflito.<\/p>\n<p>VEJA TAMB\u00c9M:<\/p>\n<\/div>","protected":false},"excerpt":{"rendered":"<p>O presidente dos Estados Unidos, Donald Trump, disse nesta ter\u00e7a-feira (31) que o governo da Fran\u00e7a n\u00e3o autorizou que avi\u00f5es&hellip;<\/p>\n","protected":false},"author":4,"featured_media":324206,"comment_status":"open","ping_status":"open","sticky":false,"template":"","format":"standard","meta":{"footnotes":""},"categories":[204],"tags":[],"class_list":["post-324205","post","type-post","status-publish","format-standard","has-post-thumbnail","hentry","category-ultimas-noticias"],"_links":{"self":[{"href":"https:\/\/villanews.com.br\/index.php?rest_route=\/wp\/v2\/posts\/324205","targetHints":{"allow":["GET"]}}],"collection":[{"href":"https:\/\/villanews.com.br\/index.php?rest_route=\/wp\/v2\/posts"}],"about":[{"href":"https:\/\/villanews.com.br\/index.php?rest_route=\/wp\/v2\/types\/post"}],"author":[{"embeddable":true,"href":"https:\/\/villanews.com.br\/index.php?rest_route=\/wp\/v2\/users\/4"}],"replies":[{"embeddable":true,"href":"https:\/\/villanews.com.br\/index.php?rest_route=%2Fwp%2Fv2%2Fcomments&post=324205"}],"version-history":[{"count":0,"href":"https:\/\/villanews.com.br\/index.php?rest_route=\/wp\/v2\/posts\/324205\/revisions"}],"wp:featuredmedia":[{"embeddable":true,"href":"https:\/\/villanews.com.br\/index.php?rest_route=\/wp\/v2\/media\/324206"}],"wp:attachment":[{"href":"https:\/\/villanews.com.br\/index.php?rest_route=%2Fwp%2Fv2%2Fmedia&parent=324205"}],"wp:term":[{"taxonomy":"category","embeddable":true,"href":"https:\/\/villanews.com.br\/index.php?rest_route=%2Fwp%2Fv2%2Fcategories&post=324205"},{"taxonomy":"post_tag","embeddable":true,"href":"https:\/\/villanews.com.br\/index.php?rest_route=%2Fwp%2Fv2%2Ftags&post=324205"}],"curies":[{"name":"wp","href":"https:\/\/api.w.org\/{rel}","templated":true}]}}