{"id":324178,"date":"2026-03-31T08:14:41","date_gmt":"2026-03-31T12:14:41","guid":{"rendered":"https:\/\/villanews.com.br\/?p=324178"},"modified":"2026-03-31T08:14:41","modified_gmt":"2026-03-31T12:14:41","slug":"rodrigo-pacheco-candidato-ao-governo-de-minas-com-a-bencao-de-lula","status":"publish","type":"post","link":"https:\/\/villanews.com.br\/?p=324178","title":{"rendered":"Rodrigo Pacheco candidato ao governo de Minas com a ben\u00e7\u00e3o de Lula"},"content":{"rendered":"<div class=\"postLayout_post-content__gsXFz\"><img decoding=\"async\" src=\"https:\/\/media.gazetadopovo.com.br\/2026\/03\/31090652\/pacheco-e-lula2.jpg.webp\" \/><span>(Foto: Ricardo Stuckert\/PR)<\/span>\n<p>Ou\u00e7a este conte\u00fado<\/p>\n<div class=\"postBody_post-body-container__1KhtH\">\n<p>O caminho pol\u00edtico das montanhas alterosas, 2\u00ba col\u00e9gio eleitoral do Brasil, vai se abrindo para o senador Rodrigo Pacheco como candidato do presidente <a href=\"https:\/\/www.gazetadopovo.com.br\/tudo-sobre\/lula\/\">Lula da Silva<\/a> em Minas Gerais. Discretamente, Pacheco tem articulado uma frente t\u00e3o ampla que pode derrubar qualquer tabu das \u00faltimas d\u00e9cadas da pol\u00edtica mineira. Nome do PSD ao governo, Pacheco conversa com PT e PSDB.<\/p>\n<p>O senador Cleitinho (Republicanos), citado como potencial nome na disputa com Pacheco, ficar\u00e1 na sua. \u00c9 um jovem estreante e n\u00e3o quer holofotes nem briga, diante da sua alian\u00e7a pol\u00edtica com o deputado Euclydes Petersen (Republicanos) que poderia lhe render pedras nessa trilha. A decis\u00e3o de <a href=\"https:\/\/www.gazetadopovo.com.br\/vozes\/nikolas-ferreira\/\">Nikolas Ferreira<\/a> (PL), sonho de <a href=\"https:\/\/www.gazetadopovo.com.br\/tudo-sobre\/flavio-bolsonaro\/\">Fl\u00e1vio Bolsonaro<\/a> para o governo, ainda \u00e9 um mist\u00e9rio.<\/p>\n<h2>Ningu\u00e9m aguenta o Boulos<\/h2>\n<p><a href=\"https:\/\/www.gazetadopovo.com.br\/tudo-sobre\/guilherme-boulos\/\">Guilherme Boulos<\/a> est\u00e1 em apuros no Pal\u00e1cio. Os conselhos nacional, estaduais e municipais de Juventude, e o f\u00f3rum de gestores estaduais e lideran\u00e7as regionais, compartilham insatisfa\u00e7\u00e3o com a Secretaria Nacional de Juventude, gerida pelo ministro. Alegam esvaziamento administrativo da pasta, perda de autonomia e falta de coordena\u00e7\u00e3o institucional. Boulos vai ouvir isso tudo da turma hoje e amanh\u00e3.<\/p>\n<h2>Janja, a \u201crecatada e do lar\u201d?<\/h2>\n<p class=\"postParagraph_post-paragraph__juWZN postParagraph_post-paragraph-innerHtml__Q5vwc\">Poucos notaram na Pra\u00e7a (do Brasil e na dos Tr\u00eas Poderes). A primeira-dama dona <a href=\"https:\/\/www.gazetadopovo.com.br\/tudo-sobre\/janja\/\">Janja da Silva<\/a> est\u00e1 <em>\u00e0 la<\/em> Lu Alckmin \u2013 discret\u00edssima e apenas esposa do mandat\u00e1rio. Embora, ao contr\u00e1rio da mulher do vice, a esposa do chefe tem dado aten\u00e7\u00e3o especial \u00e0 publicidade do Pal\u00e1cio, \u00e0 do Banco do Brasil e \u00e0 da Usina Itaipu \u2013 onde trabalhou na gest\u00e3o Samek anos atr\u00e1s.<\/p>\n<h2>A acusa\u00e7\u00e3o de Soraya<\/h2>\n<p>A senadora <a href=\"https:\/\/www.gazetadopovo.com.br\/tudo-sobre\/soraya-thronicke\/\">Soraya Thronicke<\/a> (Podemos \u2013 MS) tem o direito de dizer o que quiser. A <a href=\"https:\/\/www.gazetadopovo.com.br\/tudo-sobre\/liberdade-de-expressao\/\">liberdade de express\u00e3o<\/a> est\u00e1 a\u00ed para isso, e as consequ\u00eancias tamb\u00e9m. Mas acusar na m\u00eddia um colega de estuprador, sem provas, \u00e9 crime s\u00e9rio. Eleita na onda bolsonarista, Soraya foi vista no Natal passado com o lobista Silvio de Assis numa loja Louis Vuitton de Orlando (EUA). Silvio quebrou um site de not\u00edcia e j\u00e1 foi preso pela PF.<\/p>\n<h2>Com quem andas<\/h2>\n<p>Mais uma do deputado rei das emendas pix, Yury do Pared\u00e3o (MDB-CE). Um dos casos mais simb\u00f3licos ocorreu em 2024, quando repassou R$ 10 milh\u00f5es para a prefeitura de Chor\u00f3 (12 mil habitantes). O prefeito Bebeto do Chor\u00f3 teve o mandato cassado pelo TRE por corrup\u00e7\u00e3o eleitoral e compra de votos naquele ano. Ele tamb\u00e9m foi alvo de mandado de pris\u00e3o preventiva em investiga\u00e7\u00e3o conduzida pela PF.<\/p>\n<h2>Setor qu\u00edmico<\/h2>\n<p>O presidente sancionou o Presiq, que reduz al\u00edquotas de PIS\/Cofins para fortalecer a competitividade e inova\u00e7\u00e3o do setor qu\u00edmico nacional at\u00e9 2031. A medida prev\u00ea incentivos de at\u00e9 R$ 3 bilh\u00f5es anuais, condicionados a investimentos em pesquisa e manuten\u00e7\u00e3o de empregos. Segundo Vanessa Pires, CEO da Brada, a lei \u00e9 um avan\u00e7o vital por alinhar o crescimento industrial \u00e0 sustentabilidade e \u00e0 inova\u00e7\u00e3o respons\u00e1vel.<\/p>\n<p>VEJA TAMB\u00c9M:<\/p>\n<\/div>\n<p>Conte\u00fado editado por: <a title=\"Link para o perfil de Jocelaine Santos\" href=\"https:\/\/www.gazetadopovo.com.br\/autor\/jocelaine-santos\/\">Jocelaine Santos<\/a><\/p>\n<h2>Voc\u00ea pode se interessar<\/h2>\n<p>Encontrou algo errado na mat\u00e9ria?<\/p>\n<p>Comunique erros<\/p>\n<p>Use este espa\u00e7o apenas para a comunica\u00e7\u00e3o de erros<\/p>\n<\/div>","protected":false},"excerpt":{"rendered":"<p>(Foto: Ricardo Stuckert\/PR) Ou\u00e7a este conte\u00fado O caminho pol\u00edtico das montanhas alterosas, 2\u00ba col\u00e9gio eleitoral do Brasil, vai se abrindo&hellip;<\/p>\n","protected":false},"author":4,"featured_media":324179,"comment_status":"open","ping_status":"open","sticky":false,"template":"","format":"standard","meta":{"footnotes":""},"categories":[204],"tags":[],"class_list":["post-324178","post","type-post","status-publish","format-standard","has-post-thumbnail","hentry","category-ultimas-noticias"],"_links":{"self":[{"href":"https:\/\/villanews.com.br\/index.php?rest_route=\/wp\/v2\/posts\/324178","targetHints":{"allow":["GET"]}}],"collection":[{"href":"https:\/\/villanews.com.br\/index.php?rest_route=\/wp\/v2\/posts"}],"about":[{"href":"https:\/\/villanews.com.br\/index.php?rest_route=\/wp\/v2\/types\/post"}],"author":[{"embeddable":true,"href":"https:\/\/villanews.com.br\/index.php?rest_route=\/wp\/v2\/users\/4"}],"replies":[{"embeddable":true,"href":"https:\/\/villanews.com.br\/index.php?rest_route=%2Fwp%2Fv2%2Fcomments&post=324178"}],"version-history":[{"count":0,"href":"https:\/\/villanews.com.br\/index.php?rest_route=\/wp\/v2\/posts\/324178\/revisions"}],"wp:featuredmedia":[{"embeddable":true,"href":"https:\/\/villanews.com.br\/index.php?rest_route=\/wp\/v2\/media\/324179"}],"wp:attachment":[{"href":"https:\/\/villanews.com.br\/index.php?rest_route=%2Fwp%2Fv2%2Fmedia&parent=324178"}],"wp:term":[{"taxonomy":"category","embeddable":true,"href":"https:\/\/villanews.com.br\/index.php?rest_route=%2Fwp%2Fv2%2Fcategories&post=324178"},{"taxonomy":"post_tag","embeddable":true,"href":"https:\/\/villanews.com.br\/index.php?rest_route=%2Fwp%2Fv2%2Ftags&post=324178"}],"curies":[{"name":"wp","href":"https:\/\/api.w.org\/{rel}","templated":true}]}}