{"id":324169,"date":"2026-03-30T21:18:42","date_gmt":"2026-03-31T01:18:42","guid":{"rendered":"https:\/\/villanews.com.br\/?p=324169"},"modified":"2026-03-30T21:18:42","modified_gmt":"2026-03-31T01:18:42","slug":"moraes-quer-saber-quais-segurancas-de-bolsonaro-sao-do-gsi","status":"publish","type":"post","link":"https:\/\/villanews.com.br\/?p=324169","title":{"rendered":"Moraes quer saber quais seguran\u00e7as de Bolsonaro s\u00e3o do GSI"},"content":{"rendered":"<div class=\"postBody_post-body-container__1KhtH\">\n<p>O ministro do Supremo Tribunal Federal (STF) Alexandre de Moraes determinou nesta segunda-feira (30) que a defesa de Jair Bolsonaro (PL) esclare\u00e7a quais seguran\u00e7as do ex-presidente s\u00e3o integrantes do Gabinete de Seguran\u00e7a Institucional (GSI).<\/p>\n<p>Moraes afirmou que a medida visa \u201cresguardar o ambiente<\/p>\n<p>controlado necess\u00e1rio\u201d na pris\u00e3o domiciliar. A equipe jur\u00eddica j\u00e1 havia enviado ao ministro a lista de colaboradores que trabalham na casa de Bolsonaro.<\/p>\n<p>Na semana passada, Moraes autorizou a transfer\u00eancia do ex-presidente para a pris\u00e3o domiciliar por 90 dias. Bolsonaro se recupera de uma broncopneumonia bacteriana. O ex-presidente precisa cumprir uma s\u00e9rie de restri\u00e7\u00f5es para manter o benef\u00edcio.<\/p>\n<p>VEJA TAMB\u00c9M:<\/p>\n<p>Ap\u00f3s o per\u00edodo de 90 dias, a pris\u00e3o domiciliar ser\u00e1 reavaliada pelo magistrado. A decis\u00e3o prev\u00ea que o descumprimento das medidas cautelares pode fazer com que Bolsonaro volte para a Papudinha, onde cumpria a pena em regime fechado.<\/p>\n<h2>Pris\u00e3o de Bolsonaro<\/h2>\n<p>Bolsonaro foi submetido a medidas cautelares em julho do ano passado, como o uso de <a href=\"https:\/\/www.gazetadopovo.com.br\/republica\/bolsonaro-mostra-tornozeleira-eletronica-e-diz-que-aparelho-e-maxima-humilhacao\/\">tornozeleira eletr\u00f4nica <\/a>e a proibi\u00e7\u00e3o do uso de redes sociais.<\/p>\n<p>No dia 4 de agosto, Moraes ordenou a <a href=\"https:\/\/www.gazetadopovo.com.br\/republica\/moraes-decreta-prisao-domiciliar-de-bolsonaro\/\">pris\u00e3o domiciliar <\/a>do ex-presidente ap\u00f3s ele cumprimentar manifestantes em um ato, via chamada de v\u00eddeo, com o senador Fl\u00e1vio Bolsonaro (PL-RJ).<\/p>\n<p>Em setembro, Bolsonaro foi condenado a <a href=\"https:\/\/www.gazetadopovo.com.br\/republica\/primeira-turma-do-stf-condena-bolsonaro-a-27-anos-e-3-meses-de-prisao-mais-multa\/\">27 anos e tr\u00eas meses de pris\u00e3o<\/a>, em regime inicialmente fechado, pela suposta tentativa de golpe de Estado.<\/p>\n<p>No dia 22 de novembro, ele foi <a href=\"https:\/\/www.gazetadopovo.com.br\/republica\/bolsonaro-e-preso-preventivamente-pela-pf-por-determinacao-de-moraes\/\">preso preventivamente<\/a> na Superintend\u00eancia da Pol\u00edcia Federal, em Bras\u00edlia, por tentar violar sua tornozeleira com um ferro de solda.<\/p>\n<p>A deten\u00e7\u00e3o ocorreu no \u00e2mbito do inqu\u00e9rito que apura a atua\u00e7\u00e3o do ex-deputado Eduardo Bolsonaro (PL-SP) nos Estados Unidos contra autoridades brasileiras.<\/p>\n<p>Tr\u00eas dias depois, Moraes declarou o <a href=\"https:\/\/www.gazetadopovo.com.br\/republica\/moraes-determina-conclusao-julgamento-bolsonaro-abre-caminhoara-execucao-pena\/\">tr\u00e2nsito em julgado<\/a> da a\u00e7\u00e3o penal do golpe e ordenou o cumprimento imediato da pena.<\/p>\n<p>O ex-presidente permaneceu na sede da PF at\u00e9 15 de janeiro deste ano, quando o ministro determinou sua transfer\u00eancia para a <a href=\"https:\/\/www.gazetadopovo.com.br\/republica\/moraes-determina-transferencia-de-bolsonaro-para-a-papuda\/\">Papudinha<\/a>, dentro do Complexo da Papuda.<\/p>\n<p>No \u00faltimo dia 24, Moraes concedeu a <a href=\"https:\/\/www.gazetadopovo.com.br\/republica\/moraes-converte-prisao-bolsonaro-domiciliar-parecer-pgr\/\">pris\u00e3o domiciliar humanit\u00e1ria <\/a>por 90 dias. Ap\u00f3s passar duas semanas internado, Bolsonaro foi para a <a href=\"https:\/\/www.gazetadopovo.com.br\/republica\/bolsonaro-recebe-alta-e-segue-para-prisao-domiciliar\/\">casa <\/a>na \u00faltima sexta (27).<\/p>\n<p>VEJA TAMB\u00c9M:<\/p>\n<\/div>","protected":false},"excerpt":{"rendered":"<p>O ministro do Supremo Tribunal Federal (STF) Alexandre de Moraes determinou nesta segunda-feira (30) que a defesa de Jair Bolsonaro&hellip;<\/p>\n","protected":false},"author":4,"featured_media":322847,"comment_status":"open","ping_status":"open","sticky":false,"template":"","format":"standard","meta":{"footnotes":""},"categories":[5],"tags":[],"class_list":["post-324169","post","type-post","status-publish","format-standard","has-post-thumbnail","hentry","category-politica"],"_links":{"self":[{"href":"https:\/\/villanews.com.br\/index.php?rest_route=\/wp\/v2\/posts\/324169","targetHints":{"allow":["GET"]}}],"collection":[{"href":"https:\/\/villanews.com.br\/index.php?rest_route=\/wp\/v2\/posts"}],"about":[{"href":"https:\/\/villanews.com.br\/index.php?rest_route=\/wp\/v2\/types\/post"}],"author":[{"embeddable":true,"href":"https:\/\/villanews.com.br\/index.php?rest_route=\/wp\/v2\/users\/4"}],"replies":[{"embeddable":true,"href":"https:\/\/villanews.com.br\/index.php?rest_route=%2Fwp%2Fv2%2Fcomments&post=324169"}],"version-history":[{"count":0,"href":"https:\/\/villanews.com.br\/index.php?rest_route=\/wp\/v2\/posts\/324169\/revisions"}],"wp:featuredmedia":[{"embeddable":true,"href":"https:\/\/villanews.com.br\/index.php?rest_route=\/wp\/v2\/media\/322847"}],"wp:attachment":[{"href":"https:\/\/villanews.com.br\/index.php?rest_route=%2Fwp%2Fv2%2Fmedia&parent=324169"}],"wp:term":[{"taxonomy":"category","embeddable":true,"href":"https:\/\/villanews.com.br\/index.php?rest_route=%2Fwp%2Fv2%2Fcategories&post=324169"},{"taxonomy":"post_tag","embeddable":true,"href":"https:\/\/villanews.com.br\/index.php?rest_route=%2Fwp%2Fv2%2Ftags&post=324169"}],"curies":[{"name":"wp","href":"https:\/\/api.w.org\/{rel}","templated":true}]}}