{"id":324142,"date":"2026-03-31T07:15:00","date_gmt":"2026-03-31T11:15:00","guid":{"rendered":"https:\/\/villanews.com.br\/?p=324142"},"modified":"2026-03-31T07:15:00","modified_gmt":"2026-03-31T11:15:00","slug":"contra-a-bosnia-italia-tenta-encerrar-trauma-e-voltar-a-copa-do-mundo","status":"publish","type":"post","link":"https:\/\/villanews.com.br\/?p=324142","title":{"rendered":"Contra a B\u00f3snia, It\u00e1lia tenta encerrar trauma e voltar \u00e0 Copa do Mundo"},"content":{"rendered":"<div class=\"article-content mb-24 font-slab text-paragraph font-light\">\n<p><span>(<\/span>FOLHAPRESS) &#8211; Pouca coisa mudou para Gennaro Gattuso desde a vit\u00f3ria sobre a Irlanda do Norte, na \u00faltima quinta-feira (30), por 2 a 0, que deixou a It\u00e1lia a um jogo de voltar \u00e0 Copa do Mundo ap\u00f3s aus\u00eancias nas \u00faltimas duas edi\u00e7\u00f5es. &#8220;Ainda sinto o peso do pa\u00eds sobre os meus ombros&#8221;, disse o treinador.<\/p>\n<p>                                                        \u00a0<\/p>\n<p>Nesta ter\u00e7a-feira (31), a sele\u00e7\u00e3o tetracampe\u00e3 do mundo vai encarar a B\u00f3snia, \u00e0s 15h45 (de Bras\u00edlia), na cidade de Zenica. A equipe vencedora ficar\u00e1 com a vaga da chave A da respecagem europeia e entrar\u00e1 no Grupo B do Mundial, ao lado de Canad\u00e1, Qatar e Su\u00ed\u00e7a.<\/p>\n<p>Para os italianos, a poss\u00edvel classifica\u00e7\u00e3o representar\u00e1 o fim de uma agonia de 12 anos, que teve in\u00edcio em 24 de junho de 2014, quando o pa\u00eds fez sua \u00faltima partida em uma Copa do Mundo. Acabou derrotado pelo Uruguai, por 1 a 0, despedindo-se da competi\u00e7\u00e3o ainda na fase de grupos, apenas com uma vit\u00f3ria, sobre a Inglaterra, que tamb\u00e9m n\u00e3o avan\u00e7ou ao mata-mata.<\/p>\n<p>Campe\u00e3 pela \u00faltima vez no Mundial de 2006, a It\u00e1lia acabou ausente das duas edi\u00e7\u00f5es seguintes, em 2018 e 2022. Na primeira tentativa, caiu na repescagem diante da Su\u00e9cia. Depois, novamente em disputa eliminat\u00f3ria em jogo \u00fanico, foi surpreendida pela Maced\u00f4nia do Norte.<\/p>\n<p>Um vexame agora teria um peso ainda maior, j\u00e1 que se trata da primeira edi\u00e7\u00e3o ampliada da Copa, com 48 sele\u00e7\u00f5es. At\u00e9 o torneio disputado no Qatar, 32 pa\u00edses disputavam a ta\u00e7a.<\/p>\n<p>Titular na dolorida derrota para a Maced\u00f4nia do Norte na semifinal da repescagem de 2022, Donnarumma entende exatamente o significado hist\u00f3rico do jogo conta a B\u00f3snia. &#8220;S\u00f3 n\u00f3s sabemos como foi ser derrotados pela Maced\u00f4nia em Palermo, e n\u00e3o queremos reviver essas sensa\u00e7\u00f5es. Pelo contr\u00e1rio, queremos levar a It\u00e1lia de volta ao lugar que ela merece&#8221;, afirmou o goleiro.<\/p>\n<p>A It\u00e1lia se colocou novamente nesta situa\u00e7\u00e3o ao terminar as Eliminat\u00f3rias europeias na segunda posi\u00e7\u00e3o do Grupo I, que teve a Noruega como l\u00edder, classificada diretamente para o Mundial.<\/p>\n<p>Os noruegueses somaram 24 pontos, seis a mais do que os italianos, em uma chave formada tamb\u00e9m por Israel, Est\u00f4nia e Mold\u00e1via -a It\u00e1lia se complicou justamente no confronto direto com a Noruega, ao perder os dois encontros: 3 a 0 como visitante e 4 a 1 em casa.<\/p>\n<p>&#8220;Nos \u00faltimos dias, percebi que o grupo est\u00e1 totalmente motivado e estar\u00e1 pronto para a partida. Tamb\u00e9m precisamos de um pouco de calma. Devemos nos concentrar no jogo sem nos preocuparmos demais com o que acontecer\u00e1 ao nosso redor&#8221;, afirmou Donnarumma.<\/p>\n<p>Ao redor dos jogadores estar\u00e1 uma torcida pequena para o tamanho da partida. Mandante do confronto, a B\u00f3snia escolheu o est\u00e1dio Bilino Polje como palco para receber os italianos. Com cerca de 16 mil lugares, o local teve sua capacidade reduzida para 9.000 por exig\u00eancia da Uefa (Uni\u00e3o das Associa\u00e7\u00f5es Europeias de Futebol) devido a quest\u00f5es de seguran\u00e7a.<\/p>\n<p>Apesar de pequena, a torcida \u00e9 uma das esperan\u00e7as do t\u00e9cnico Sergej Barbarez para fazer press\u00e3o sobre os italianos. Ele tamb\u00e9m tem estrat\u00e9gias para diferentes cen\u00e1rios do jogo, com sua equipe saindo ou n\u00e3o \u00e0 frente do placar.<\/p>\n<p>&#8220;Precisamos ter um plano A, um B e um C. Temos que cuidar de cada detalhe, jogando com coragem, sem medo&#8221;, disse. &#8220;Se abrirmos o placar, vamos estacionar um \u00f4nibus em nossa \u00e1rea. Se forem eles a marcar primeira, estacionaremos do outro lado.&#8221;<\/p>\n<p>Como pa\u00eds independente, a B\u00f3snia busca sua segunda participa\u00e7\u00e3o em uma Copa do Mundo. Sua primeira foi em 2014, no Brasil. &#8220;\u00c9 um jogo muito importante para a It\u00e1lia, mas tamb\u00e9m \u00e9 para n\u00f3s. Na verdade, do ponto de vista do nosso pa\u00eds, \u00e9 ainda mais importante&#8221;, afirmou Barbarez.<\/p>\n<p>REPESCAGEM PARA A COPA<\/p>\n<p>Al\u00e9m do confronto entre It\u00e1lia e B\u00f3snia, outras seis sele\u00e7\u00f5es disputam mais tr\u00eas vagas destinadas para os pa\u00edses europeus na Copa do Mundo de 2026. Todos os jogos come\u00e7am \u00e0s 15h45 (de Bras\u00edlia).<\/p>\n<p>Na Su\u00e9cia, os donos da casa v\u00e3o receber a Pol\u00f4nia. Como visitante, a Turquia vai enfrentar o Kosovo. J\u00e1 a Dinamarca vai encarar a Rep\u00fablica Tcheca.<\/p>\n<p>Na repescagem intercontinental, duas vagas est\u00e3o em disputa. A Rep\u00fablica Democr\u00e1tica do Congo encara a Jamaica, \u00e0s 18h (de Bras\u00edlia). Mais tarde, \u00e0 meia-noite, o Iraque duela com a Bol\u00edvia. Os dois jogos ser\u00e3o disputados no M\u00e9xico, sede da Copa do Mundo junto com Estados Unidos e Canad\u00e1.<\/p>\n<p>NA TV<\/p>\n<p>&#8211; 15h45 B\u00f3snia x It\u00e1lia &#8211; SporTV<\/p>\n<p>&#8211; 15h45 Su\u00e9cia x Pol\u00f4nia &#8211; ESPN<\/p>\n<p>&#8211; 15h45 Kosovo x Turquia &#8211; ESPN3<\/p>\n<p>&#8211; 15h45 Rep\u00fablica Tcheca x Dinamarca &#8211; Disney+ Premium<\/p>\n<p>&#8211; 18h Rep\u00fablica Democr\u00e1tica do Congo x Jamaica &#8211; SporTV e Caz\u00e9TV<\/p>\n<p>&#8211; 0h Iraque x Bol\u00edvia &#8211; SporTV e Caz\u00e9TV<\/p>\n<p><img decoding=\"async\" src=\"https:\/\/media-manager.noticiasaominuto.com\/640\/naom_69cb670632941.jpg\" \/><\/p>\n<h2><a href=\"https:\/\/www.noticiasaominuto.com.br\/esporte\/2371301\/escandalo-antes-de-decisao-bosnia-acusa-italia-de-espionagem-em-treino\"> Esc\u00e2ndalo antes de decis\u00e3o: B\u00f3snia acusa It\u00e1lia de espionagem em treino <\/a><\/h2>\n<p>Federa\u00e7\u00e3o b\u00f3snia diz que militar ligado \u00e0 miss\u00e3o europeia filmou atividade da sele\u00e7\u00e3o antes do playoff da Copa. Italianos alegam coincid\u00eancia e negam irregularidade, enquanto caso gera tens\u00e3o \u00e0s v\u00e9speras do confronto decisivo<\/p>\n<p><small> Not\u00edcias ao Minuto | 06:20 &#8211; 31\/03\/2026 <\/small><\/p>\n<\/div>","protected":false},"excerpt":{"rendered":"<p>(FOLHAPRESS) &#8211; Pouca coisa mudou para Gennaro Gattuso desde a vit\u00f3ria sobre a Irlanda do Norte, na \u00faltima quinta-feira (30),&hellip;<\/p>\n","protected":false},"author":4,"featured_media":324144,"comment_status":"open","ping_status":"open","sticky":false,"template":"","format":"standard","meta":{"footnotes":""},"categories":[6],"tags":[],"class_list":["post-324142","post","type-post","status-publish","format-standard","has-post-thumbnail","hentry","category-esportes"],"_links":{"self":[{"href":"https:\/\/villanews.com.br\/index.php?rest_route=\/wp\/v2\/posts\/324142","targetHints":{"allow":["GET"]}}],"collection":[{"href":"https:\/\/villanews.com.br\/index.php?rest_route=\/wp\/v2\/posts"}],"about":[{"href":"https:\/\/villanews.com.br\/index.php?rest_route=\/wp\/v2\/types\/post"}],"author":[{"embeddable":true,"href":"https:\/\/villanews.com.br\/index.php?rest_route=\/wp\/v2\/users\/4"}],"replies":[{"embeddable":true,"href":"https:\/\/villanews.com.br\/index.php?rest_route=%2Fwp%2Fv2%2Fcomments&post=324142"}],"version-history":[{"count":0,"href":"https:\/\/villanews.com.br\/index.php?rest_route=\/wp\/v2\/posts\/324142\/revisions"}],"wp:featuredmedia":[{"embeddable":true,"href":"https:\/\/villanews.com.br\/index.php?rest_route=\/wp\/v2\/media\/324144"}],"wp:attachment":[{"href":"https:\/\/villanews.com.br\/index.php?rest_route=%2Fwp%2Fv2%2Fmedia&parent=324142"}],"wp:term":[{"taxonomy":"category","embeddable":true,"href":"https:\/\/villanews.com.br\/index.php?rest_route=%2Fwp%2Fv2%2Fcategories&post=324142"},{"taxonomy":"post_tag","embeddable":true,"href":"https:\/\/villanews.com.br\/index.php?rest_route=%2Fwp%2Fv2%2Ftags&post=324142"}],"curies":[{"name":"wp","href":"https:\/\/api.w.org\/{rel}","templated":true}]}}