{"id":324141,"date":"2026-03-31T03:20:43","date_gmt":"2026-03-31T07:20:43","guid":{"rendered":"https:\/\/villanews.com.br\/?p=324141"},"modified":"2026-03-31T03:20:43","modified_gmt":"2026-03-31T07:20:43","slug":"policia-civil-mira-faccionados-que-buscavam-influencia-territorial-e-fortalecimento-da-faccao-na-regiao-metropolitana","status":"publish","type":"post","link":"https:\/\/villanews.com.br\/?p=324141","title":{"rendered":"Pol\u00edcia Civil mira faccionados que buscavam influ\u00eancia territorial e fortalecimento da fac\u00e7\u00e3o na regi\u00e3o metropolitana"},"content":{"rendered":"<div class=\"component-html\" data-lfr-editable-id=\"element-html\" data-lfr-editable-type=\"html\">\n<small>OPERA\u00c7\u00c3O RUPTURA CPX<\/small>\n<h2><strong>Pol\u00edcia Civil mira faccionados que buscavam influ\u00eancia territorial e fortalecimento da fac\u00e7\u00e3o na regi\u00e3o metropolitana<\/strong><\/h2>\n<hr \/>\n<h5>31 de Mar\u00e7o de 2026 \u00e0s 06:23<\/h5>\n<h5>Grupo criminoso agia no Complexo Residencial Isabel Campos (CPX) e bairros adjacentes, estabelecendo regras pr\u00f3prias na regi\u00e3o<\/h5>\n<div><span>Assessoria<\/span> | <span>Pol\u00edcia Civil-MT<\/span>\n<\/div>\n<p> <img decoding=\"async\" src=\"https:\/\/www.pjc.mt.gov.br\/o\/adaptive-media\/image\/69061408\/Thumbnail-1024x1024\/GCCO%20SEDE%20NOVA\" title=\" \" \/><\/p>\n<div><a>A<\/a> | <a>A<\/a>\n<\/div>\n<div class=\"full-content\">\n<p>A Pol\u00edcia Civil deflagrou na manh\u00e3 desta ter\u00e7a-feira (31.3) a Opera\u00e7\u00e3o Ruptura CPX para cumprimento de ordens judiciais contra integrantes de uma fac\u00e7\u00e3o criminosa envolvida em diversos crimes e com atua\u00e7\u00e3o na regi\u00e3o metropolitana de Cuiab\u00e1.\u00a0<\/p>\n<p>Entre os crimes praticados pelo grupo criminoso est\u00e3o furtos de defensivos agr\u00edcolas, roubos de ve\u00edculos, furto de armas, tr\u00e1fico de drogas, lavagem de dinheiro, dom\u00ednio territorial e apologia ao crime, com atua\u00e7\u00e3o na regi\u00e3o metropolitana de Cuiab\u00e1.\u00a0<\/p>\n<p>S\u00e3o cumpridos na opera\u00e7\u00e3o 13 mandados de pris\u00e3o preventiva e sete de busca e apreens\u00e3o domiciliar, decretadas pelo N\u00facleo de Justi\u00e7a 4.0 do Juiz de Garantias \u2013 Polo de Cuiab\u00e1. As ordens judiciais s\u00e3o cumpridas nas cidades de Cuiab\u00e1, V\u00e1rzea Grande e na cidade de S\u00e3o Paulo (SP).\u00a0<\/p>\n<p><img decoding=\"async\" src=\"https:\/\/www.pjc.mt.gov.br\/documents\/d\/pjc\/whatsapp-image-2026-03-31-at-06-34-46-jpeg?imageThumbnail=3\" \/>\n<\/p>\n<p> Conduzidas pela \u00a0Ger\u00eancia de Combate ao Crime Organizado e pela Delegacia Especializada de Repress\u00e3o ao Crime Organizado (GCCO\/Draco), as investiga\u00e7\u00f5es identificaram o funcionamento interno da fac\u00e7\u00e3o criminosa, com divis\u00e3o de tarefas entre seus membros, controle territorial em regi\u00f5es espec\u00edficas, cobran\u00e7a de taxas internas e utiliza\u00e7\u00e3o de contas banc\u00e1rias de terceiros para ocultar a origem il\u00edcita de valores.\u00a0<\/p>\n<p><strong>Investiga\u00e7\u00f5es<\/strong><\/p>\n<p>As investiga\u00e7\u00f5es tiveram in\u00edcio com o avan\u00e7o das apura\u00e7\u00f5es relacionadas a um flagrante de furto e recepta\u00e7\u00e3o de defensivos agr\u00edcolas. \u00a0Diante da an\u00e1lise dos materiais apreendidos foi revelada a exist\u00eancia de uma estrutura organizada e hierarquizada de faccionados atuando em diversos bairros de Cuiab\u00e1 e V\u00e1rzea Grande.\u00a0<\/p>\n<p>Os elementos reunidos demonstram que a fac\u00e7\u00e3o criminosa n\u00e3o apenas atuava no tr\u00e1fico de drogas e em outros crimes, mas tamb\u00e9m buscava consolidar dom\u00ednio territorial e influ\u00eancia social nas comunidades, utilizando tanto a intimida\u00e7\u00e3o direta quanto a propaga\u00e7\u00e3o de conte\u00fados que refor\u00e7avam a identidade e a for\u00e7a da fac\u00e7\u00e3o.<\/p>\n<p><strong>Apologia ao crime<\/strong><\/p>\n<p>Entre os alvos da opera\u00e7\u00e3o est\u00e1 o investigado, \u00a0O.G.N.C., conhecido MC na regi\u00e3o, apontado nas investiga\u00e7\u00f5es como integrante do grupo criminoso respons\u00e1vel por auxiliar na difus\u00e3o de conte\u00fados que exaltavam a fac\u00e7\u00e3o e suas lideran\u00e7as.\u00a0<\/p>\n<p>Nas investiga\u00e7\u00f5es, foi poss\u00edvel constatar que o investigado mantinha contato com membros de alto escal\u00e3o da fac\u00e7\u00e3o e frequentava ambientes utilizados como pontos de encontro de integrantes do grupo.<\/p>\n<p>Al\u00e9m da atua\u00e7\u00e3o art\u00edstica, as apura\u00e7\u00f5es apontam ind\u00edcios de que ele tamb\u00e9m prestava apoio log\u00edstico a integrantes do grupo, incluindo a disponibiliza\u00e7\u00e3o de locais para oculta\u00e7\u00e3o de ve\u00edculos de origem il\u00edcita, o que refor\u00e7ou a suspeita de participa\u00e7\u00e3o consciente na estrutura criminosa.<\/p>\n<p><img decoding=\"async\" src=\"https:\/\/www.pjc.mt.gov.br\/documents\/d\/pjc\/whatsapp-image-2026-03-31-at-04-52-16-jpeg?imageThumbnail=3\" \/>\n<\/p>\n<p> <strong>Busca territorial<\/strong><\/p>\n<p>Dentre os elementos apurados, as investiga\u00e7\u00f5es tamb\u00e9m apontaram que o grupo criminoso buscava exercer influ\u00eancia territorial sobre o Complexo Residencial Isabel Campos (CPX) e bairros adjacentes, estabelecendo regras pr\u00f3prias e monitorando a circula\u00e7\u00e3o de pessoas e a pr\u00e1tica de atividades il\u00edcitas na regi\u00e3o.<\/p>\n<p>Segundo as investiga\u00e7\u00f5es, o grupo dava prefer\u00eancia para que integrantes da fac\u00e7\u00e3o morassem na invas\u00e3o, sendo tamb\u00e9m revelado a exist\u00eancia de um sistema de organiza\u00e7\u00e3o por \u00e1reas, com respons\u00e1veis designados para bairros espec\u00edficos, evidenciando a estrutura hierarquizada e a tentativa de estabelecer um poder paralelo em regi\u00f5es da Grande Cuiab\u00e1.<\/p>\n<p>De acordo com os elementos reunidos no inqu\u00e9rito, criminosos que atuavam na \u00e1rea precisavam comunicar previamente suas atividades aos respons\u00e1veis locais da fac\u00e7\u00e3o, sob pena de sofrerem puni\u00e7\u00f5es internas. A medida era utilizada para manter o dom\u00ednio sobre o territ\u00f3rio e garantir o controle das atividades criminosas desenvolvidas nas comunidades.\u00a0<\/p>\n<p><img decoding=\"async\" src=\"https:\/\/www.pjc.mt.gov.br\/documents\/d\/pjc\/whatsapp-image-2026-03-31-at-06-09-14-jpeg?imageThumbnail=3\" \/>\n<\/p>\n<p>A investiga\u00e7\u00e3o identificou tamb\u00e9m que integrantes da fac\u00e7\u00e3o utilizavam moradores para monitorar a presen\u00e7a de viaturas e repassar informa\u00e7\u00f5es sobre movimenta\u00e7\u00f5es policiais, permitindo a r\u00e1pida dispers\u00e3o de suspeitos e dificultando a atua\u00e7\u00e3o das for\u00e7as de seguran\u00e7a.<\/p>\n<p>\u201cO mecanismo de vigil\u00e2ncia comunit\u00e1ria for\u00e7ada era utilizado como uma das estrat\u00e9gias utilizadas pela organiza\u00e7\u00e3o criminosa para manter o dom\u00ednio territorial e evitar a repress\u00e3o estatal\u201d, explicou o delegado respons\u00e1vel pelas investiga\u00e7\u00f5es, Antenor Junior Pimentel Marcondes.\u00a0<\/p>\n<p><strong>Ruptura CPX<\/strong><\/p>\n<p>O nome da opera\u00e7\u00e3o faz refer\u00eancia \u00e0 atua\u00e7\u00e3o da fac\u00e7\u00e3o criminosa na tentativa de exercer controle territorial e influ\u00eancia social em determinadas regi\u00f5es da Grande Cuiab\u00e1, especialmente na regi\u00e3o denominada CPX, estabelecendo regras pr\u00f3prias e buscando impor um poder paralelo ao do Estado.\u00a0<\/p>\n<p>A denomina\u00e7\u00e3o Ruptura CPX simboliza o objetivo da Pol\u00edcia Civil de desarticular essa estrutura criminosa, restabelecendo a autoridade estatal e a seguran\u00e7a da popula\u00e7\u00e3o.<\/p>\n<p>Opera\u00e7\u00e3o Pharus<\/p>\n<p> A opera\u00e7\u00e3o integra os trabalhos do planejamento estrat\u00e9gico da Pol\u00edcia Civil de Mato Grosso para o ano de 2026, por meio da Opera\u00e7\u00e3o Pharus, dentro do Programa Toler\u00e2ncia Zero, voltado ao combate \u00e0s fac\u00e7\u00f5es criminosas em todo o Estado.\u00a0<\/p>\n<p><strong>Renorcrim<\/strong><\/p>\n<p>A opera\u00e7\u00e3o tamb\u00e9m faz parte das a\u00e7\u00f5es da Rede Nacional de Unidades Especializadas de Enfrentamento das Organiza\u00e7\u00f5es Criminosas (Renorcrim). A rede re\u00fane delegados titulares das unidades especializadas e promotores p\u00fablicos dos 26 estados e Distrito Federal e \u00e9 coordenada pelo Minist\u00e9rio da Justi\u00e7a e Seguran\u00e7a P\u00fablica, por meio da Diretoria de Intelig\u00eancia e Opera\u00e7\u00f5es Integradas (Diopi) da Secretaria Nacional de Seguran\u00e7a P\u00fablica (Senasp), para tra\u00e7ar estrat\u00e9gias de intelig\u00eancia de combate de forma duradoura \u00e0 criminalidade.<\/p>\n<\/div>\n<\/div>","protected":false},"excerpt":{"rendered":"<p>OPERA\u00c7\u00c3O RUPTURA CPX Pol\u00edcia Civil mira faccionados que buscavam influ\u00eancia territorial e fortalecimento da fac\u00e7\u00e3o na regi\u00e3o metropolitana 31 de&hellip;<\/p>\n","protected":false},"author":4,"featured_media":55717,"comment_status":"open","ping_status":"open","sticky":false,"template":"","format":"standard","meta":{"footnotes":""},"categories":[172],"tags":[],"class_list":["post-324141","post","type-post","status-publish","format-standard","has-post-thumbnail","hentry","category-policia"],"_links":{"self":[{"href":"https:\/\/villanews.com.br\/index.php?rest_route=\/wp\/v2\/posts\/324141","targetHints":{"allow":["GET"]}}],"collection":[{"href":"https:\/\/villanews.com.br\/index.php?rest_route=\/wp\/v2\/posts"}],"about":[{"href":"https:\/\/villanews.com.br\/index.php?rest_route=\/wp\/v2\/types\/post"}],"author":[{"embeddable":true,"href":"https:\/\/villanews.com.br\/index.php?rest_route=\/wp\/v2\/users\/4"}],"replies":[{"embeddable":true,"href":"https:\/\/villanews.com.br\/index.php?rest_route=%2Fwp%2Fv2%2Fcomments&post=324141"}],"version-history":[{"count":0,"href":"https:\/\/villanews.com.br\/index.php?rest_route=\/wp\/v2\/posts\/324141\/revisions"}],"wp:featuredmedia":[{"embeddable":true,"href":"https:\/\/villanews.com.br\/index.php?rest_route=\/wp\/v2\/media\/55717"}],"wp:attachment":[{"href":"https:\/\/villanews.com.br\/index.php?rest_route=%2Fwp%2Fv2%2Fmedia&parent=324141"}],"wp:term":[{"taxonomy":"category","embeddable":true,"href":"https:\/\/villanews.com.br\/index.php?rest_route=%2Fwp%2Fv2%2Fcategories&post=324141"},{"taxonomy":"post_tag","embeddable":true,"href":"https:\/\/villanews.com.br\/index.php?rest_route=%2Fwp%2Fv2%2Ftags&post=324141"}],"curies":[{"name":"wp","href":"https:\/\/api.w.org\/{rel}","templated":true}]}}