{"id":324011,"date":"2026-03-31T06:13:02","date_gmt":"2026-03-31T10:13:02","guid":{"rendered":"https:\/\/villanews.com.br\/?p=324011"},"modified":"2026-03-31T06:13:02","modified_gmt":"2026-03-31T10:13:02","slug":"lesao-de-raphinha-pode-render-ate-r-872-mil-ao-barcelona","status":"publish","type":"post","link":"https:\/\/villanews.com.br\/?p=324011","title":{"rendered":"Les\u00e3o de Raphinha pode render at\u00e9 R$ 872 mil ao Barcelona"},"content":{"rendered":"<div class=\"text-darkgray lg:w-2\/3\">\n<h2>Atacante sofreu problema muscular em amistoso da sele\u00e7\u00e3o e deve ficar fora por cerca de cinco semanas. Clube pode acionar programa da Fifa para receber cerca de 143 mil euros (R$ 872 mil) como compensa\u00e7\u00e3o pelo per\u00edodo afastado<\/h2>\n<p><img decoding=\"async\" src=\"https:\/\/media-manager.noticiasaominuto.com.br\/960\/naom_69cb914980688.webp\" \/><\/p>\n<p>\u00a9 Getty<\/p>\n<p><img decoding=\"async\" src=\"https:\/\/noticiasaominutobr-img.com\/team\/naom.png\" \/><\/p>\n<p><span><br \/>\n                    31\/03\/2026 07:13 \u2027<br \/>\n                    h\u00e1 46 minutos<br \/>\n                    por Not\u00edcias ao Minuto<br \/>\n                <\/span><\/p>\n<p>\n                        Esporte\n                    <\/p>\n<p>\n                                                    Raphinha\n                                            <\/p>\n<div class=\"article-content mb-24 font-slab text-paragraph font-light\">\n<p><span>A<\/span> les\u00e3o de Raphinha, sofrida no amistoso entre Brasil e Fran\u00e7a, pode render uma compensa\u00e7\u00e3o financeira ao Barcelona. O atacante teve um problema muscular na parte posterior da coxa direita e deve desfalcar a equipe por cerca de cinco semanas.<\/p>\n<p>                                                        \u00a0<\/p>\n<p>Como o per\u00edodo de recupera\u00e7\u00e3o ultrapassa 28 dias, o clube espanhol pode acionar o Programa de Prote\u00e7\u00e3o de Clubes da Fifa, que prev\u00ea indeniza\u00e7\u00e3o em casos de les\u00f5es durante convoca\u00e7\u00f5es para sele\u00e7\u00f5es.<\/p>\n<p>Pelo regulamento, o pagamento come\u00e7a a partir do 29\u00ba dia de afastamento, com um valor di\u00e1rio de cerca de 20,5 mil euros (R$ 124,5 mil) e limite m\u00e1ximo de 7,5 milh\u00f5es de euros (R$ 45,4 milh\u00f5es) por les\u00e3o.<\/p>\n<p>Com a previs\u00e3o atual de recupera\u00e7\u00e3o, o Barcelona pode receber aproximadamente 143 mil euros (R$ 872 mil).<\/p>\n<p>Apesar da compensa\u00e7\u00e3o, a aus\u00eancia pesa dentro de campo. Raphinha vive grande fase e se consolidou como uma das principais pe\u00e7as do elenco, tendo entrado recentemente para a lista dos 50 maiores artilheiros da hist\u00f3ria do clube e sendo apontado como um dos jogadores mais valorizados do futebol mundial.<\/p>\n<p><img decoding=\"async\" src=\"https:\/\/media-manager.noticiasaominuto.com\/640\/naom_6911dbfc0294a.jpg\" \/><\/p>\n<h2><a href=\"https:\/\/www.noticiasaominuto.com.br\/esporte\/2371294\/neymar-desabafa-sobre-pressao-no-brasil-e-massacrante\"> Neymar desabafa sobre press\u00e3o no Brasil: &#8220;\u00c9 massacrante&#8221; <\/a><\/h2>\n<p>Atacante fala sobre cobran\u00e7as \u201cmassacrantes\u201d, diz que \u00e9 tratado como algu\u00e9m \u201cnormal\u201d fora de campo e admite frustra\u00e7\u00e3o por n\u00e3o ser convocado por Ancelotti. Jogador mant\u00e9m foco em recuperar espa\u00e7o antes da lista final para a Copa de 2026<\/p>\n<p><small> Not\u00edcias ao Minuto | 05:15 &#8211; 31\/03\/2026 <\/small><\/p>\n<\/div>\n<p>\n            Partilhe a not\u00edcia\n        <\/p>\n<\/div>","protected":false},"excerpt":{"rendered":"<p>Atacante sofreu problema muscular em amistoso da sele\u00e7\u00e3o e deve ficar fora por cerca de cinco semanas. Clube pode acionar&hellip;<\/p>\n","protected":false},"author":4,"featured_media":324012,"comment_status":"open","ping_status":"open","sticky":false,"template":"","format":"standard","meta":{"footnotes":""},"categories":[6],"tags":[],"class_list":["post-324011","post","type-post","status-publish","format-standard","has-post-thumbnail","hentry","category-esportes"],"_links":{"self":[{"href":"https:\/\/villanews.com.br\/index.php?rest_route=\/wp\/v2\/posts\/324011","targetHints":{"allow":["GET"]}}],"collection":[{"href":"https:\/\/villanews.com.br\/index.php?rest_route=\/wp\/v2\/posts"}],"about":[{"href":"https:\/\/villanews.com.br\/index.php?rest_route=\/wp\/v2\/types\/post"}],"author":[{"embeddable":true,"href":"https:\/\/villanews.com.br\/index.php?rest_route=\/wp\/v2\/users\/4"}],"replies":[{"embeddable":true,"href":"https:\/\/villanews.com.br\/index.php?rest_route=%2Fwp%2Fv2%2Fcomments&post=324011"}],"version-history":[{"count":0,"href":"https:\/\/villanews.com.br\/index.php?rest_route=\/wp\/v2\/posts\/324011\/revisions"}],"wp:featuredmedia":[{"embeddable":true,"href":"https:\/\/villanews.com.br\/index.php?rest_route=\/wp\/v2\/media\/324012"}],"wp:attachment":[{"href":"https:\/\/villanews.com.br\/index.php?rest_route=%2Fwp%2Fv2%2Fmedia&parent=324011"}],"wp:term":[{"taxonomy":"category","embeddable":true,"href":"https:\/\/villanews.com.br\/index.php?rest_route=%2Fwp%2Fv2%2Fcategories&post=324011"},{"taxonomy":"post_tag","embeddable":true,"href":"https:\/\/villanews.com.br\/index.php?rest_route=%2Fwp%2Fv2%2Ftags&post=324011"}],"curies":[{"name":"wp","href":"https:\/\/api.w.org\/{rel}","templated":true}]}}