{"id":323949,"date":"2026-03-31T05:01:00","date_gmt":"2026-03-31T09:01:00","guid":{"rendered":"https:\/\/villanews.com.br\/?p=323949"},"modified":"2026-03-31T05:01:00","modified_gmt":"2026-03-31T09:01:00","slug":"juiz-de-fora-provou-que-mobilizacao-da-sociedade-e-mais-decisiva-que-acao-do-estado","status":"publish","type":"post","link":"https:\/\/villanews.com.br\/?p=323949","title":{"rendered":"Juiz de Fora provou que mobiliza\u00e7\u00e3o da sociedade \u00e9 mais decisiva que a\u00e7\u00e3o do Estado"},"content":{"rendered":"<div class=\"postBody_post-body-container__1KhtH\">\n<p>Em momentos de calamidade p\u00fablica, costuma-se esperar que o Estado seja o principal agente de resposta \u00e0 emerg\u00eancia. Governos possuem recursos, estrutura administrativa e capacidade de coordena\u00e7\u00e3o que, em tese, lhes permitiriam reagir rapidamente diante de desastres naturais de forma muito mais eficaz do que indiv\u00edduos isolados. Ainda assim, a hist\u00f3ria mostra, repetidas vezes, que a mobiliza\u00e7\u00e3o da pr\u00f3pria sociedade pode ser igualmente \u2013 e, por vezes, mais decisiva \u2013 do que a a\u00e7\u00e3o do Estado.<\/p>\n<p>Um epis\u00f3dio recente ocorrido na regi\u00e3o de Juiz de Fora oferece um exemplo revelador desse fen\u00f4meno. Ap\u00f3s as fortes chuvas que castigaram a regi\u00e3o, uma campanha de arrecada\u00e7\u00e3o liderada pelo deputado federal Nikolas Ferreira e pela vereadora Roberta Lopes conseguiu reunir cerca de R$ 5,7 milh\u00f5es em doa\u00e7\u00f5es destinadas \u00e0s v\u00edtimas. O valor chamou a aten\u00e7\u00e3o por um motivo simb\u00f3lico: superou com folga os R$ 3,4 milh\u00f5es inicialmente enviados pelo governo federal para a regi\u00e3o.<\/p>\n<blockquote>\n<p>Democracias fortes n\u00e3o se sustentam na concentra\u00e7\u00e3o de poderes e recursos em um governo central, mas na energia c\u00edvica e descentralizada de seus cidad\u00e3os<\/p>\n<\/blockquote>\n<p>O epis\u00f3dio surpreendeu pela velocidade e pela capacidade de mobiliza\u00e7\u00e3o demonstradas pela sociedade civil. Em poucos dias, milhares de pessoas contribu\u00edram voluntariamente para socorrer fam\u00edlias atingidas pelas enchentes. Empresas, cidad\u00e3os comuns e organiza\u00e7\u00f5es participaram da iniciativa, demonstrando um tipo de solidariedade que n\u00e3o depende de decretos ou estruturas burocr\u00e1ticas.<\/p>\n<p>Esse fen\u00f4meno foi observado com not\u00e1vel clareza pelo pensador franc\u00eas Alexis de Tocqueville no s\u00e9culo XIX. Ao estudar o funcionamento da democracia nos Estados Unidos, Tocqueville percebeu que a vitalidade das institui\u00e7\u00f5es americanas n\u00e3o dependia do governo central, mas, sobretudo, da capacidade da sociedade de se organizar por meio de associa\u00e7\u00f5es e lideran\u00e7as locais.<\/p>\n<p>O deputado <a href=\"https:\/\/www.gazetadopovo.com.br\/vozes\/nikolas-ferreira\/\">Nikolas Ferreira<\/a> e a vereadora Roberta Lopes, ao liderarem esse esfor\u00e7o com a ajuda de milhares de volunt\u00e1rios, tornaram-se exemplos concretos do que Tocqueville descreveu em sua obra <em>Democracia na Am\u00e9rica<\/em>. Trata-se da capacidade da sociedade civil de resolver problemas concretos de forma mais r\u00e1pida e eficaz do que o pr\u00f3prio Estado. Esse esp\u00edrito associativo foi um dos pilares da liberdade c\u00edvica e da for\u00e7a pol\u00edtica que edificaram pa\u00edses como os Estados Unidos da Am\u00e9rica.<\/p>\n<p>O epis\u00f3dio tamb\u00e9m convida a refletir sobre o elevado grau de centraliza\u00e7\u00e3o pol\u00edtica do Estado brasileiro. Em Bras\u00edlia concentram-se recursos, decis\u00f5es e boa parte da arrecada\u00e7\u00e3o tribut\u00e1ria nacional. Ainda assim, diante da emerg\u00eancia vivida em Juiz de Fora, foi a mobiliza\u00e7\u00e3o espont\u00e2nea da sociedade civil que demonstrou maior agilidade e capacidade de resposta.<\/p>\n<p>VEJA TAMB\u00c9M:<\/p>\n<p>Governos possuem fun\u00e7\u00f5es insubstitu\u00edveis em \u00e1reas como infraestrutura, coordena\u00e7\u00e3o de emerg\u00eancia e assist\u00eancia social de longo prazo. No entanto, epis\u00f3dios como esse demonstram que a vitalidade da nossa democracia n\u00e3o depende apenas da a\u00e7\u00e3o estatal.<\/p>\n<p>Em um pa\u00eds frequentemente marcado pela expectativa de que o Estado resolva todos os problemas, experi\u00eancias de solidariedade como essa oferecem um vislumbre importante: democracias fortes n\u00e3o se sustentam na concentra\u00e7\u00e3o de poderes e recursos em um governo central, mas na energia c\u00edvica e descentralizada de seus cidad\u00e3os.<\/p>\n<p><em><strong>Igor Guedes de Carvalho <\/strong>\u00e9 mestre em Hist\u00f3ria pela Universidade Federal de Juiz de Fora.<\/em><\/p>\n<\/div>","protected":false},"excerpt":{"rendered":"<p>Em momentos de calamidade p\u00fablica, costuma-se esperar que o Estado seja o principal agente de resposta \u00e0 emerg\u00eancia. Governos possuem&hellip;<\/p>\n","protected":false},"author":4,"featured_media":323807,"comment_status":"open","ping_status":"open","sticky":false,"template":"","format":"standard","meta":{"footnotes":""},"categories":[204],"tags":[],"class_list":["post-323949","post","type-post","status-publish","format-standard","has-post-thumbnail","hentry","category-ultimas-noticias"],"_links":{"self":[{"href":"https:\/\/villanews.com.br\/index.php?rest_route=\/wp\/v2\/posts\/323949","targetHints":{"allow":["GET"]}}],"collection":[{"href":"https:\/\/villanews.com.br\/index.php?rest_route=\/wp\/v2\/posts"}],"about":[{"href":"https:\/\/villanews.com.br\/index.php?rest_route=\/wp\/v2\/types\/post"}],"author":[{"embeddable":true,"href":"https:\/\/villanews.com.br\/index.php?rest_route=\/wp\/v2\/users\/4"}],"replies":[{"embeddable":true,"href":"https:\/\/villanews.com.br\/index.php?rest_route=%2Fwp%2Fv2%2Fcomments&post=323949"}],"version-history":[{"count":0,"href":"https:\/\/villanews.com.br\/index.php?rest_route=\/wp\/v2\/posts\/323949\/revisions"}],"wp:featuredmedia":[{"embeddable":true,"href":"https:\/\/villanews.com.br\/index.php?rest_route=\/wp\/v2\/media\/323807"}],"wp:attachment":[{"href":"https:\/\/villanews.com.br\/index.php?rest_route=%2Fwp%2Fv2%2Fmedia&parent=323949"}],"wp:term":[{"taxonomy":"category","embeddable":true,"href":"https:\/\/villanews.com.br\/index.php?rest_route=%2Fwp%2Fv2%2Fcategories&post=323949"},{"taxonomy":"post_tag","embeddable":true,"href":"https:\/\/villanews.com.br\/index.php?rest_route=%2Fwp%2Fv2%2Ftags&post=323949"}],"curies":[{"name":"wp","href":"https:\/\/api.w.org\/{rel}","templated":true}]}}