{"id":323900,"date":"2026-03-31T05:20:58","date_gmt":"2026-03-31T09:20:58","guid":{"rendered":"https:\/\/villanews.com.br\/?p=323900"},"modified":"2026-03-31T05:20:58","modified_gmt":"2026-03-31T09:20:58","slug":"escandalo-antes-de-decisao-bosnia-acusa-italia-de-espionagem-em-treino","status":"publish","type":"post","link":"https:\/\/villanews.com.br\/?p=323900","title":{"rendered":"Esc\u00e2ndalo antes de decis\u00e3o: B\u00f3snia acusa It\u00e1lia de espionagem em treino"},"content":{"rendered":"<div class=\"text-darkgray lg:w-2\/3\">\n<div>\n<h2>Federa\u00e7\u00e3o b\u00f3snia diz que militar ligado \u00e0 miss\u00e3o europeia filmou atividade da sele\u00e7\u00e3o antes do playoff da Copa. Italianos alegam coincid\u00eancia e negam irregularidade, enquanto caso gera tens\u00e3o \u00e0s v\u00e9speras do confronto decisivo<\/h2>\n<\/div>\n<p><img decoding=\"async\" src=\"https:\/\/media-manager.noticiasaominuto.com.br\/960\/naom_69cb670632941.webp\" \/><\/p>\n<p>\u00a9 Getty Images<\/p>\n<p><img decoding=\"async\" src=\"https:\/\/noticiasaominutobr-img.com\/team\/naom.png\" \/><\/p>\n<p><span><br \/>\n                    31\/03\/2026 06:20 \u2027<br \/>\n                    h\u00e1 40 minutos<br \/>\n                    por Not\u00edcias ao Minuto<br \/>\n                <\/span><\/p>\n<p>\n                        Esporte\n                    <\/p>\n<p>\n<a href=\"https:\/\/www.noticiasaominuto.com.br\/esporte\/tag\/copa-do-mundo\"><br \/>\n                                Copa do Mundo<br \/>\n                            <\/a>\n<\/p>\n<div class=\"article-content mb-24 font-slab text-paragraph font-light\">\n<p><span>U<\/span>ma pol\u00eamica tomou conta da final do playoff europeu pelas vagas na Copa do Mundo, que coloca frente a frente B\u00f3snia e Herzegovina e It\u00e1lia nesta ter\u00e7a-feira, \u00e0s 19h45 (hor\u00e1rio de Portugal), no Stadion Bilino Polje, em Zenica.<\/p>\n<p>                                                        \u00a0<\/p>\n<p>O site b\u00f3snio SportSport afirmou que a Federa\u00e7\u00e3o Italiana de Futebol teria enviado um militar da EUFOR, for\u00e7a da Uni\u00e3o Europeia no pa\u00eds, para acompanhar o \u00faltimo treino da sele\u00e7\u00e3o b\u00f3snia antes da decis\u00e3o, realizado na regi\u00e3o de Butmir.<\/p>\n<p>Segundo a publica\u00e7\u00e3o, o homem foi fotografado pr\u00f3ximo ao local do treinamento e teria permanecido al\u00e9m dos 15 minutos liberados \u00e0 imprensa, filmando a atividade com um celular.<\/p>\n<p>Ao perceberem a situa\u00e7\u00e3o, dirigentes da Federa\u00e7\u00e3o de Futebol da B\u00f3snia e Herzegovina acionaram a seguran\u00e7a e pediram a retirada do suposto espi\u00e3o, identificado como cidad\u00e3o italiano, informando que ele n\u00e3o poderia permanecer no local.<\/p>\n<p>Ainda de acordo com o relato, houve discuss\u00e3o at\u00e9 que o homem interrompeu as grava\u00e7\u00f5es e deixou a \u00e1rea. Mesmo assim, a federa\u00e7\u00e3o b\u00f3snia se mostrou indignada e j\u00e1 apresentou uma queixa formal \u00e0 EUFOR, cobrando explica\u00e7\u00f5es sobre a presen\u00e7a do militar.<\/p>\n<h3>Italianos garantem que tudo \u00e9 obra do acaso<\/h3>\n<p>Do lado italiano, a imprensa tratou de rebater a acusa\u00e7\u00e3o. O jornal Tuttosport, citando fontes do governo, afirmou que o militar estava nas proximidades por acaso, j\u00e1 que atua em uma base pr\u00f3xima ao local do treino, e que teria se aproximado por curiosidade.<\/p>\n<p>A grava\u00e7\u00e3o das imagens tamb\u00e9m teria sido acidental, segundo o ve\u00edculo, que diz que o soldado n\u00e3o sabia que n\u00e3o poderia filmar a atividade.<\/p>\n<p>Agora, cabe \u00e0s autoridades avaliar se haver\u00e1 algum tipo de medida ap\u00f3s o epis\u00f3dio.<\/p>\n<p>Dentro de campo, a It\u00e1lia chega ao playoff ap\u00f3s terminar em segundo lugar no Grupo I, com 18 pontos, seis a menos que a Noruega, que se classificou diretamente. J\u00e1 a B\u00f3snia e Herzegovina ficou em segundo no Grupo H, com 17 pontos, dois atr\u00e1s da \u00c1ustria.<\/p>\n<p>Na semifinal da repescagem, os b\u00f3snios eliminaram o Pa\u00eds de Gales nos p\u00eanaltis, enquanto os italianos venceram a Irlanda do Norte por 2 a 0.<\/p>\n<p>Quem avan\u00e7ar neste confronto garantir\u00e1 vaga no Grupo B da Copa do Mundo, ao lado de Canad\u00e1, Catar e Su\u00ed\u00e7a. O torneio ser\u00e1 disputado nos Estados Unidos, Canad\u00e1 e M\u00e9xico, entre 11 de junho e 19 de julho.<br \/>\u00a0<\/p>\n<p><img decoding=\"async\" src=\"https:\/\/media-manager.noticiasaominuto.com\/640\/naom_69cb6ca6200ee.jpg\" \/><\/p>\n<h2><a href=\"https:\/\/www.noticiasaominuto.com.br\/esporte\/2371292\/brasil-enfrenta-croacia-hoje-veja-horario-escalacao-e-onde-assistir\"> Brasil enfrenta Cro\u00e1cia hoje; veja hor\u00e1rio, escala\u00e7\u00e3o e onde assistir <\/a><\/h2>\n<p>Sele\u00e7\u00e3o entra em campo \u00e0s 21h, em Orlando, em amistoso preparat\u00f3rio para a Copa do Mundo. Ancelotti faz mudan\u00e7as ap\u00f3s les\u00f5es e tenta ajustar a equipe ap\u00f3s derrota para a Fran\u00e7a, em meio a cr\u00edticas e incertezas sobre o time titular<\/p>\n<p><small> Not\u00edcias ao Minuto | 04:15 &#8211; 31\/03\/2026 <\/small><\/p>\n<\/div>\n<p>\n            Partilhe a not\u00edcia\n        <\/p>\n<\/div>","protected":false},"excerpt":{"rendered":"<p>Federa\u00e7\u00e3o b\u00f3snia diz que militar ligado \u00e0 miss\u00e3o europeia filmou atividade da sele\u00e7\u00e3o antes do playoff da Copa. Italianos alegam&hellip;<\/p>\n","protected":false},"author":4,"featured_media":323901,"comment_status":"open","ping_status":"open","sticky":false,"template":"","format":"standard","meta":{"footnotes":""},"categories":[6],"tags":[],"class_list":["post-323900","post","type-post","status-publish","format-standard","has-post-thumbnail","hentry","category-esportes"],"_links":{"self":[{"href":"https:\/\/villanews.com.br\/index.php?rest_route=\/wp\/v2\/posts\/323900","targetHints":{"allow":["GET"]}}],"collection":[{"href":"https:\/\/villanews.com.br\/index.php?rest_route=\/wp\/v2\/posts"}],"about":[{"href":"https:\/\/villanews.com.br\/index.php?rest_route=\/wp\/v2\/types\/post"}],"author":[{"embeddable":true,"href":"https:\/\/villanews.com.br\/index.php?rest_route=\/wp\/v2\/users\/4"}],"replies":[{"embeddable":true,"href":"https:\/\/villanews.com.br\/index.php?rest_route=%2Fwp%2Fv2%2Fcomments&post=323900"}],"version-history":[{"count":0,"href":"https:\/\/villanews.com.br\/index.php?rest_route=\/wp\/v2\/posts\/323900\/revisions"}],"wp:featuredmedia":[{"embeddable":true,"href":"https:\/\/villanews.com.br\/index.php?rest_route=\/wp\/v2\/media\/323901"}],"wp:attachment":[{"href":"https:\/\/villanews.com.br\/index.php?rest_route=%2Fwp%2Fv2%2Fmedia&parent=323900"}],"wp:term":[{"taxonomy":"category","embeddable":true,"href":"https:\/\/villanews.com.br\/index.php?rest_route=%2Fwp%2Fv2%2Fcategories&post=323900"},{"taxonomy":"post_tag","embeddable":true,"href":"https:\/\/villanews.com.br\/index.php?rest_route=%2Fwp%2Fv2%2Ftags&post=323900"}],"curies":[{"name":"wp","href":"https:\/\/api.w.org\/{rel}","templated":true}]}}