{"id":323812,"date":"2026-03-31T05:00:00","date_gmt":"2026-03-31T09:00:00","guid":{"rendered":"https:\/\/villanews.com.br\/?p=323812"},"modified":"2026-03-31T05:00:00","modified_gmt":"2026-03-31T09:00:00","slug":"o-poder-transformador-da-educacao-em-tempos-de-mudanca","status":"publish","type":"post","link":"https:\/\/villanews.com.br\/?p=323812","title":{"rendered":"O poder transformador da educa\u00e7\u00e3o em tempos de mudan\u00e7a"},"content":{"rendered":"<div class=\"postLayout_post-content__gsXFz\">\n<div class=\"postMainImage_post-main-image-info__AaDnR\"><img decoding=\"async\" src=\"https:\/\/media.gazetadopovo.com.br\/2026\/01\/14152543\/violencia-escola.jpg.webp\" \/><span>Refletir sobre o poder transformador da educa\u00e7\u00e3o \u00e9, acima de tudo, reconhecer sua capacidade de mudar hist\u00f3rias individuais, fortalecer comunidades e impulsionar o desenvolvimento social. Investir em uma educa\u00e7\u00e3o de qualidade, inovadora e comprometida com valores humanos (Foto: Taylor Flowe\/Unsplash)<\/span><\/div>\n<p>Ou\u00e7a este conte\u00fado<\/p>\n<div class=\"postBody_post-body-container__1KhtH\">\n<p>Precisamos refletir sobre o papel essencial que a educa\u00e7\u00e3o exerce na constru\u00e7\u00e3o da sociedade e no futuro das pr\u00f3ximas gera\u00e7\u00f5es. Em um mundo marcado por transforma\u00e7\u00f5es aceleradas, sociais, tecnol\u00f3gicas e culturais, a educa\u00e7\u00e3o se consolida como um dos principais instrumentos de desenvolvimento humano, inclus\u00e3o social e inova\u00e7\u00e3o.<\/p>\n<p>A miss\u00e3o da universidade, hoje, vai muito al\u00e9m da transmiss\u00e3o de conhecimentos t\u00e9cnicos. Cabe \u00e0s institui\u00e7\u00f5es de ensino formar cidad\u00e3os cr\u00edticos, \u00e9ticos e preparados para atuar de maneira respons\u00e1vel em uma sociedade em constante mudan\u00e7a. Desenvolver autonomia, pensamento cr\u00edtico e compromisso social \u00e9 t\u00e3o importante quanto preparar para o exerc\u00edcio profissional. Afinal, aprender continuamente tornou-se uma compet\u00eancia indispens\u00e1vel em um cen\u00e1rio no qual o conhecimento se renova a todo instante.<\/p>\n<blockquote class=\"postQuote_post-quote-container__KXTpH\">\n<p>Refletir sobre o poder transformador da educa\u00e7\u00e3o \u00e9, acima de tudo, reconhecer sua capacidade de mudar hist\u00f3rias individuais, fortalecer comunidades e impulsionar o desenvolvimento social. Investir em uma educa\u00e7\u00e3o de qualidade, inovadora e comprometida com valores humanos <\/p>\n<\/blockquote>\n<p>Nesse contexto, a inova\u00e7\u00e3o pedag\u00f3gica assume um papel central. Metodologias ativas, integra\u00e7\u00e3o entre teoria e pr\u00e1tica e o uso intencional da tecnologia tornam o processo de ensino-aprendizagem mais significativo e conectado \u00e0 realidade dos estudantes. Quando a educa\u00e7\u00e3o dialoga com os desafios do mundo contempor\u00e2neo, ela amplia seu potencial transformador e fortalece a forma\u00e7\u00e3o integral dos indiv\u00edduos.<\/p>\n<p>Ao mesmo tempo, o futuro do trabalho evidencia a import\u00e2ncia de habilidades que v\u00e3o al\u00e9m do dom\u00ednio t\u00e9cnico. Pensamento cr\u00edtico, comunica\u00e7\u00e3o, empatia, colabora\u00e7\u00e3o, criatividade e responsabilidade \u00e9tica s\u00e3o compet\u00eancias cada vez mais valorizadas. Essas habilidades se desenvolvem em ambientes educacionais que promovem o di\u00e1logo, a escuta, o trabalho em equipe e a resolu\u00e7\u00e3o de problemas reais, formando profissionais mais conscientes e preparados para lidar com a complexidade do mundo atual.<\/p>\n<p>VEJA TAMB\u00c9M:<\/p>\n<p>A presen\u00e7a crescente da tecnologia e da intelig\u00eancia artificial no cotidiano educacional tamb\u00e9m exige equil\u00edbrio e reflex\u00e3o. Essas ferramentas devem ser utilizadas de forma consciente e pedag\u00f3gica, como apoio ao processo de aprendizagem. O verdadeiro valor da tecnologia est\u00e1 na sua capacidade de potencializar o pensamento cr\u00edtico, a \u00e9tica e a forma\u00e7\u00e3o cidad\u00e3, e n\u00e3o em substituir o papel humano no ensino.<\/p>\n<p>Outro aspecto fundamental da educa\u00e7\u00e3o contempor\u00e2nea \u00e9 o aprendizado ao longo da vida. Em um cen\u00e1rio de mudan\u00e7as constantes, torna-se essencial formar indiv\u00edduos aut\u00f4nomos, curiosos e capazes de aprender a aprender. Curr\u00edculos flex\u00edveis, experi\u00eancias pr\u00e1ticas e percursos formativos diversos contribuem para que o estudante compreenda a educa\u00e7\u00e3o como um processo cont\u00ednuo, que acompanha toda a trajet\u00f3ria profissional e pessoal.<\/p>\n<p>Refletir sobre o poder transformador da educa\u00e7\u00e3o \u00e9, acima de tudo, reconhecer sua capacidade de mudar hist\u00f3rias individuais, fortalecer comunidades e impulsionar o desenvolvimento social. Investir em uma educa\u00e7\u00e3o de qualidade, inovadora e comprometida com valores humanos \u00e9 investir em um futuro mais justo, sustent\u00e1vel e preparado para os desafios que j\u00e1 est\u00e3o em curso.<\/p>\n<p><em><strong>Marcela Xavier<\/strong> \u00e9 vice-reitora do UniCuritiba.<\/em><\/p>\n<\/div>\n<p>Conte\u00fado editado por: <a title=\"Link para o perfil de Jocelaine Santos\" href=\"https:\/\/www.gazetadopovo.com.br\/autor\/jocelaine-santos\/\">Jocelaine Santos<\/a><\/p>\n<h2>Voc\u00ea pode se interessar<\/h2>\n<p>Encontrou algo errado na mat\u00e9ria?<\/p>\n<p>Comunique erros<\/p>\n<p>Use este espa\u00e7o apenas para a comunica\u00e7\u00e3o de erros<\/p>\n<\/div>","protected":false},"excerpt":{"rendered":"<p>Refletir sobre o poder transformador da educa\u00e7\u00e3o \u00e9, acima de tudo, reconhecer sua capacidade de mudar hist\u00f3rias individuais, fortalecer comunidades&hellip;<\/p>\n","protected":false},"author":4,"featured_media":323813,"comment_status":"open","ping_status":"open","sticky":false,"template":"","format":"standard","meta":{"footnotes":""},"categories":[204],"tags":[],"class_list":["post-323812","post","type-post","status-publish","format-standard","has-post-thumbnail","hentry","category-ultimas-noticias"],"_links":{"self":[{"href":"https:\/\/villanews.com.br\/index.php?rest_route=\/wp\/v2\/posts\/323812","targetHints":{"allow":["GET"]}}],"collection":[{"href":"https:\/\/villanews.com.br\/index.php?rest_route=\/wp\/v2\/posts"}],"about":[{"href":"https:\/\/villanews.com.br\/index.php?rest_route=\/wp\/v2\/types\/post"}],"author":[{"embeddable":true,"href":"https:\/\/villanews.com.br\/index.php?rest_route=\/wp\/v2\/users\/4"}],"replies":[{"embeddable":true,"href":"https:\/\/villanews.com.br\/index.php?rest_route=%2Fwp%2Fv2%2Fcomments&post=323812"}],"version-history":[{"count":0,"href":"https:\/\/villanews.com.br\/index.php?rest_route=\/wp\/v2\/posts\/323812\/revisions"}],"wp:featuredmedia":[{"embeddable":true,"href":"https:\/\/villanews.com.br\/index.php?rest_route=\/wp\/v2\/media\/323813"}],"wp:attachment":[{"href":"https:\/\/villanews.com.br\/index.php?rest_route=%2Fwp%2Fv2%2Fmedia&parent=323812"}],"wp:term":[{"taxonomy":"category","embeddable":true,"href":"https:\/\/villanews.com.br\/index.php?rest_route=%2Fwp%2Fv2%2Fcategories&post=323812"},{"taxonomy":"post_tag","embeddable":true,"href":"https:\/\/villanews.com.br\/index.php?rest_route=%2Fwp%2Fv2%2Ftags&post=323812"}],"curies":[{"name":"wp","href":"https:\/\/api.w.org\/{rel}","templated":true}]}}