{"id":323789,"date":"2026-03-31T04:15:23","date_gmt":"2026-03-31T08:15:23","guid":{"rendered":"https:\/\/villanews.com.br\/?p=323789"},"modified":"2026-03-31T04:15:23","modified_gmt":"2026-03-31T08:15:23","slug":"neymar-desabafa-sobre-pressao-no-brasil-e-massacrante","status":"publish","type":"post","link":"https:\/\/villanews.com.br\/?p=323789","title":{"rendered":"Neymar desabafa sobre press\u00e3o no Brasil: &#8220;\u00c9 massacrante&#8221;"},"content":{"rendered":"<div class=\"text-darkgray lg:w-2\/3\">\n<h2>Atacante fala sobre cobran\u00e7as \u201cmassacrantes\u201d, diz que \u00e9 tratado como algu\u00e9m \u201cnormal\u201d fora de campo e admite frustra\u00e7\u00e3o por n\u00e3o ser convocado por Ancelotti. Jogador mant\u00e9m foco em recuperar espa\u00e7o antes da lista final para a Copa de 2026<\/h2>\n<p><img decoding=\"async\" src=\"https:\/\/media-manager.noticiasaominuto.com.br\/960\/naom_6911dbfc0294a.webp\" \/><\/p>\n<p>\u00a9 Getty Images<\/p>\n<p><img decoding=\"async\" src=\"https:\/\/noticiasaominutobr-img.com\/team\/naom.png\" \/><\/p>\n<p><span><br \/>\n                    31\/03\/2026 05:15 \u2027<br \/>\n                    h\u00e1 45 minutos<br \/>\n                    por Not\u00edcias ao Minuto<br \/>\n                <\/span><\/p>\n<p>\n                        Esporte\n                    <\/p>\n<p>\n<a href=\"https:\/\/www.noticiasaominuto.com.br\/esporte\/tag\/neymar\"><br \/>\n                                Neymar<br \/>\n                            <\/a>\n<\/p>\n<div class=\"article-content mb-24 font-slab text-paragraph font-light\">\n<p><span>N<\/span>eymar aproveitou a pausa para a sele\u00e7\u00e3o para se mostrar em um ambiente mais \u00edntimo, no qual compartilhou reflex\u00f5es sobre a pr\u00f3pria carreira em um v\u00eddeo publicado no YouTube. O atacante de 34 anos aparece convivendo com as filhas em casa e realizando tratamentos f\u00edsicos.<\/p>\n<p>                                                        \u00a0<\/p>\n<p>O jogador brasileiro tamb\u00e9m falou sobre a carreira e lamentou a press\u00e3o que sente ao atuar no Brasil.<\/p>\n<p>&#8220;\u00c9 um pre\u00e7o enorme ser jogador, \u00e9 dif\u00edcil, no Brasil chega a ser massacrante. Os torcedores te massacram. Os f\u00e3s n\u00e3o entendem que voc\u00ea \u00e9 uma pessoa normal. Tudo bem. \u00c9 f&#8230;, sou grato pra c&#8230;, mas trabalhei para isso e sou um ser humano&#8221;, afirmou o jogador, citado pelo Globoesporte.<\/p>\n<p>&#8220;Tenho os mesmos sentimentos que todo mundo, tamb\u00e9m sofro, sinto dor, acordo de mau humor, choro, fico p&#8230;, fico feliz, normal. Por que n\u00e3o posso fazer as coisas normais?&#8221;, continuou.<\/p>\n<p>Durante as 48 horas de folga, Neymar se reuniu com seu preparador f\u00edsico e revelou que sofreu uma les\u00e3o no jogo contra o Corinthians, no \u00faltimo dia 15 de mar\u00e7o.<\/p>\n<p>&#8220;No jogo contra o Vasco da Gama me senti muito bem, sem nenhuma dor. Contra o Corinthians nem tanto e contra o Inter estava mais solto e com mais confian\u00e7a para correr&#8221;, disse.<\/p>\n<p>Ap\u00f3s momentos de descontra\u00e7\u00e3o com os filhos, o v\u00eddeo termina com a transmiss\u00e3o do jogo entre Brasil e Fran\u00e7a. Ao assistir \u00e0 partida com amigos, Neymar fez elogios a Mbapp\u00e9, com quem dividiu o vesti\u00e1rio no PSG.<\/p>\n<p><span>&#8220;Na frente do gol ele n\u00e3o erra&#8221;, afirmou.<\/span><\/p>\n<p>Por fim, em tom de reflex\u00e3o, Neymar destacou que a Copa do Mundo de 2026 est\u00e1 pr\u00f3xima e que todos precisam estar no mais alto n\u00edvel.<\/p>\n<h3>Ancelotti voltou a deix\u00e1-lo de fora da sele\u00e7\u00e3o<\/h3>\n<p>O atacante do Santos tenta garantir vaga na lista final de 26 jogadores de Carlo Ancelotti para a Copa do Mundo de 2026.<\/p>\n<p>Neymar, no entanto, ficou novamente fora da convoca\u00e7\u00e3o e n\u00e3o foi chamado pelo t\u00e9cnico italiano para o \u00faltimo per\u00edodo de prepara\u00e7\u00e3o antes do Mundial. Ancelotti afirmou que acompanha as opini\u00f5es sobre o jogador e destacou que respeita todas.<\/p>\n<p>&#8220;Observo e ou\u00e7o tudo o que se diz sobre Neymar. \u00c9 normal, cada um no futebol pode opinar. No futebol n\u00e3o h\u00e1 uma ci\u00eancia clara. Cada um tem a sua opini\u00e3o. Eu tenho que respeitar a opini\u00e3o de todos&#8221;, disse.<\/p>\n<p>Diante disso, o atacante n\u00e3o escondeu a frustra\u00e7\u00e3o por n\u00e3o ter sido convocado.<\/p>\n<p>&#8220;Vou falar, porque n\u00e3o d\u00e1 para passar em branco. Obviamente, fico chateado e triste por n\u00e3o ter sido convocado. Mas o foco continua, dia ap\u00f3s dia, treino ap\u00f3s treino, jogo ap\u00f3s jogo. O foco continua. Vamos conseguir o nosso objetivo. Ainda falta a convoca\u00e7\u00e3o final&#8221;, afirmou Neymar.<\/p>\n<p><img decoding=\"async\" src=\"https:\/\/media-manager.noticiasaominuto.com\/640\/naom_5c751106dc52b.jpg\" \/><\/p>\n<h2><a href=\"https:\/\/www.noticiasaominuto.com.br\/esporte\/2371184\/justica-rejeita-acao-do-cardiff-e-absolve-nantes-no-caso-emiliano-sala\"> Justi\u00e7a rejeita a\u00e7\u00e3o do Cardiff e absolve Nantes no caso Emiliano Sala <\/a><\/h2>\n<p>Tribunal franc\u00eas encerra disputa ap\u00f3s sete anos, nega indeniza\u00e7\u00e3o de 122 milh\u00f5es de euros e condena clube gal\u00eas a pagar 480 mil euros. Decis\u00e3o isenta o Nantes de responsabilidade pela morte do jogador argentino em 2019<\/p>\n<p><small> Not\u00edcias ao Minuto | 21:00 &#8211; 30\/03\/2026 <\/small><\/p>\n<\/div>\n<p>\n            Partilhe a not\u00edcia\n        <\/p>\n<\/div>","protected":false},"excerpt":{"rendered":"<p>Atacante fala sobre cobran\u00e7as \u201cmassacrantes\u201d, diz que \u00e9 tratado como algu\u00e9m \u201cnormal\u201d fora de campo e admite frustra\u00e7\u00e3o por n\u00e3o&hellip;<\/p>\n","protected":false},"author":4,"featured_media":323790,"comment_status":"open","ping_status":"open","sticky":false,"template":"","format":"standard","meta":{"footnotes":""},"categories":[6],"tags":[],"class_list":["post-323789","post","type-post","status-publish","format-standard","has-post-thumbnail","hentry","category-esportes"],"_links":{"self":[{"href":"https:\/\/villanews.com.br\/index.php?rest_route=\/wp\/v2\/posts\/323789","targetHints":{"allow":["GET"]}}],"collection":[{"href":"https:\/\/villanews.com.br\/index.php?rest_route=\/wp\/v2\/posts"}],"about":[{"href":"https:\/\/villanews.com.br\/index.php?rest_route=\/wp\/v2\/types\/post"}],"author":[{"embeddable":true,"href":"https:\/\/villanews.com.br\/index.php?rest_route=\/wp\/v2\/users\/4"}],"replies":[{"embeddable":true,"href":"https:\/\/villanews.com.br\/index.php?rest_route=%2Fwp%2Fv2%2Fcomments&post=323789"}],"version-history":[{"count":0,"href":"https:\/\/villanews.com.br\/index.php?rest_route=\/wp\/v2\/posts\/323789\/revisions"}],"wp:featuredmedia":[{"embeddable":true,"href":"https:\/\/villanews.com.br\/index.php?rest_route=\/wp\/v2\/media\/323790"}],"wp:attachment":[{"href":"https:\/\/villanews.com.br\/index.php?rest_route=%2Fwp%2Fv2%2Fmedia&parent=323789"}],"wp:term":[{"taxonomy":"category","embeddable":true,"href":"https:\/\/villanews.com.br\/index.php?rest_route=%2Fwp%2Fv2%2Fcategories&post=323789"},{"taxonomy":"post_tag","embeddable":true,"href":"https:\/\/villanews.com.br\/index.php?rest_route=%2Fwp%2Fv2%2Ftags&post=323789"}],"curies":[{"name":"wp","href":"https:\/\/api.w.org\/{rel}","templated":true}]}}