{"id":323663,"date":"2026-03-31T03:15:51","date_gmt":"2026-03-31T07:15:51","guid":{"rendered":"https:\/\/villanews.com.br\/?p=323663"},"modified":"2026-03-31T03:15:51","modified_gmt":"2026-03-31T07:15:51","slug":"brasil-enfrenta-croacia-hoje-veja-horario-escalacao-e-onde-assistir","status":"publish","type":"post","link":"https:\/\/villanews.com.br\/?p=323663","title":{"rendered":"Brasil enfrenta Cro\u00e1cia hoje; veja hor\u00e1rio, escala\u00e7\u00e3o e onde assistir"},"content":{"rendered":"<div class=\"text-darkgray lg:w-2\/3\">\n<div>\n<h2>Sele\u00e7\u00e3o entra em campo \u00e0s 21h, em Orlando, em amistoso preparat\u00f3rio para a Copa do Mundo. Ancelotti faz mudan\u00e7as ap\u00f3s les\u00f5es e tenta ajustar a equipe ap\u00f3s derrota para a Fran\u00e7a, em meio a cr\u00edticas e incertezas sobre o time titular<\/h2>\n<\/div>\n<p><img decoding=\"async\" src=\"https:\/\/media-manager.noticiasaominuto.com.br\/960\/naom_69cb6ca6200ee.webp\" \/><\/p>\n<p>\u00a9 Getty<\/p>\n<p><img decoding=\"async\" src=\"https:\/\/noticiasaominutobr-img.com\/team\/naom.png\" \/><\/p>\n<p><span><br \/>\n                    31\/03\/2026 04:15 \u2027<br \/>\n                    h\u00e1 45 minutos<br \/>\n                    por Not\u00edcias ao Minuto<br \/>\n                <\/span><\/p>\n<p>\n                        Esporte\n                    <\/p>\n<p>\n<a href=\"https:\/\/www.noticiasaominuto.com.br\/esporte\/tag\/selecao-brasileira\"><br \/>\n                                Sele\u00e7\u00e3o Brasileira<br \/>\n                            <\/a>\n<\/p>\n<div class=\"article-content mb-24 font-slab text-paragraph font-light\">\n<p><span>A<\/span> sele\u00e7\u00e3o brasileira entra em campo nesta ter\u00e7a-feira, 31 de mar\u00e7o, para enfrentar a Cro\u00e1cia em amistoso internacional, em Orlando, nos Estados Unidos. A partida ser\u00e1 disputada \u00e0s 21h, no hor\u00e1rio de Bras\u00edlia, no Camping World Stadium, e ter\u00e1 transmiss\u00e3o pela TV Globo, ge e SporTV.<\/p>\n<p>                                                        \u00a0<\/p>\n<p>Para o duelo, o t\u00e9cnico Carlo Ancelotti deve escalar o Brasil com Bento; Iba\u00f1ez, Marquinhos, L\u00e9o Pereira e Douglas Santos; Casemiro e Danilo; Luiz Henrique, Matheus Cunha, Jo\u00e3o Pedro e Vinicius Junior.<\/p>\n<p>A Cro\u00e1cia, comandada por Zlatko Dalic, deve ir a campo com Livakovic; Pongracic, Erlic e Vuskovic; Marco Pasalic, Mario Pasalic, Modric, Sucic e Perisic; Vlasic e Matanovic.<\/p>\n<p>O confronto marca o reencontro entre as sele\u00e7\u00f5es ap\u00f3s as quartas de final da Copa do Mundo do Qatar, em 2022, quando os croatas eliminaram o Brasil nos p\u00eanaltis. Pouco mais de tr\u00eas anos depois, as equipes voltam a se enfrentar, agora em um amistoso que serve como prepara\u00e7\u00e3o para o Mundial deste ano.<\/p>\n<p>A sele\u00e7\u00e3o brasileira chega bastante modificada em rela\u00e7\u00e3o \u00e0quele per\u00edodo. Neymar, que era o principal nome do time sob o comando de Tite, n\u00e3o foi convocado por Ancelotti desde que o italiano assumiu a equipe, em maio do ano passado. Segundo o treinador, problemas f\u00edsicos impediram o atacante de atingir o n\u00edvel ideal.<\/p>\n<p>Al\u00e9m disso, o t\u00e9cnico tem lidado com uma s\u00e9rie de les\u00f5es recentes. Alisson, Alex Sandro e Gabriel Magalh\u00e3es foram cortados antes do jogo contra a Fran\u00e7a, enquanto Raphinha e Wesley deixaram a delega\u00e7\u00e3o ap\u00f3s a partida. Para o confronto desta ter\u00e7a, Iba\u00f1ez e Luiz Henrique foram chamados.<\/p>\n<p>Outro desfalque importante \u00e9 Rodrygo, do Real Madrid, que sofreu uma grave les\u00e3o no joelho e est\u00e1 fora do restante da temporada.<\/p>\n<p>Diante desse cen\u00e1rio, Ancelotti promove mudan\u00e7as na equipe que perdeu para a Fran\u00e7a por 2 a 1. Marquinhos retorna \u00e0 defesa, Danilo ganha vaga no meio-campo e Jo\u00e3o Pedro assume posi\u00e7\u00e3o no ataque. Vinicius Junior deve atuar aberto pela esquerda, fun\u00e7\u00e3o em que rende melhor.<\/p>\n<p>O treinador afirmou que pretendia usar os amistosos contra Fran\u00e7a e Cro\u00e1cia para dar ritmo \u00e0 equipe considerada titular, mas as les\u00f5es atrapalharam os planos.<\/p>\n<p>\u201cO objetivo era testar a equipe titular, mas ela n\u00e3o est\u00e1 dispon\u00edvel por conta de muitas les\u00f5es. Vamos ter que buscar outro caminho. Estamos no processo correto\u201d, disse.<\/p>\n<p>A convoca\u00e7\u00e3o final para a Copa do Mundo est\u00e1 marcada para 18 de maio. Apesar das dificuldades, Ancelotti mant\u00e9m o discurso de confian\u00e7a na prepara\u00e7\u00e3o da equipe para o torneio.<br \/>\u00a0<br \/>\u00a0<\/p>\n<p><img decoding=\"async\" src=\"https:\/\/media-manager.noticiasaominuto.com\/640\/naom_69ca971695a01.jpg?crop_params=eyJsYW5kc2NhcGUiOnsiY3JvcFdpZHRoIjoyMzY5LCJjcm9wSGVpZ2h0IjoxMzMzLCJjcm9wWCI6MTM4LCJjcm9wWSI6NX19\" \/><\/p>\n<h2><a href=\"https:\/\/www.noticiasaominuto.com.br\/esporte\/2371120\/ancelotti-garante-danilo-e-diz-ter-time-quase-fechado-para-a-copa\"> Ancelotti garante Danilo e diz ter time quase fechado para a Copa <\/a><\/h2>\n<p>Carlo Ancelotti confirmou que Danilo est\u00e1 garantido na lista final da Copa e afirmou que j\u00e1 tem a escala\u00e7\u00e3o praticamente definida. O t\u00e9cnico destacou confian\u00e7a no processo, elogiou o car\u00e1ter do defensor e disse que o Brasil est\u00e1 no \u201ccaminho correto\u201d para buscar o hexa.<\/p>\n<p><small> Not\u00edcias ao Minuto | 12:31 &#8211; 30\/03\/2026 <\/small><\/p>\n<\/div>\n<p>\n            Partilhe a not\u00edcia\n        <\/p>\n<\/div>","protected":false},"excerpt":{"rendered":"<p>Sele\u00e7\u00e3o entra em campo \u00e0s 21h, em Orlando, em amistoso preparat\u00f3rio para a Copa do Mundo. Ancelotti faz mudan\u00e7as ap\u00f3s&hellip;<\/p>\n","protected":false},"author":4,"featured_media":323665,"comment_status":"open","ping_status":"open","sticky":false,"template":"","format":"standard","meta":{"footnotes":""},"categories":[6],"tags":[],"class_list":["post-323663","post","type-post","status-publish","format-standard","has-post-thumbnail","hentry","category-esportes"],"_links":{"self":[{"href":"https:\/\/villanews.com.br\/index.php?rest_route=\/wp\/v2\/posts\/323663","targetHints":{"allow":["GET"]}}],"collection":[{"href":"https:\/\/villanews.com.br\/index.php?rest_route=\/wp\/v2\/posts"}],"about":[{"href":"https:\/\/villanews.com.br\/index.php?rest_route=\/wp\/v2\/types\/post"}],"author":[{"embeddable":true,"href":"https:\/\/villanews.com.br\/index.php?rest_route=\/wp\/v2\/users\/4"}],"replies":[{"embeddable":true,"href":"https:\/\/villanews.com.br\/index.php?rest_route=%2Fwp%2Fv2%2Fcomments&post=323663"}],"version-history":[{"count":0,"href":"https:\/\/villanews.com.br\/index.php?rest_route=\/wp\/v2\/posts\/323663\/revisions"}],"wp:featuredmedia":[{"embeddable":true,"href":"https:\/\/villanews.com.br\/index.php?rest_route=\/wp\/v2\/media\/323665"}],"wp:attachment":[{"href":"https:\/\/villanews.com.br\/index.php?rest_route=%2Fwp%2Fv2%2Fmedia&parent=323663"}],"wp:term":[{"taxonomy":"category","embeddable":true,"href":"https:\/\/villanews.com.br\/index.php?rest_route=%2Fwp%2Fv2%2Fcategories&post=323663"},{"taxonomy":"post_tag","embeddable":true,"href":"https:\/\/villanews.com.br\/index.php?rest_route=%2Fwp%2Fv2%2Ftags&post=323663"}],"curies":[{"name":"wp","href":"https:\/\/api.w.org\/{rel}","templated":true}]}}