{"id":322809,"date":"2026-03-30T20:00:01","date_gmt":"2026-03-31T00:00:01","guid":{"rendered":"https:\/\/villanews.com.br\/?p=322809"},"modified":"2026-03-30T20:00:01","modified_gmt":"2026-03-31T00:00:01","slug":"justica-rejeita-acao-do-cardiff-e-absolve-nantes-no-caso-emiliano-sala","status":"publish","type":"post","link":"https:\/\/villanews.com.br\/?p=322809","title":{"rendered":"Justi\u00e7a rejeita a\u00e7\u00e3o do Cardiff e absolve Nantes no caso Emiliano Sala"},"content":{"rendered":"<div class=\"text-darkgray lg:w-2\/3\">\n<h2>Tribunal franc\u00eas encerra disputa ap\u00f3s sete anos, nega indeniza\u00e7\u00e3o de 122 milh\u00f5es de euros e condena clube gal\u00eas a pagar 480 mil euros. Decis\u00e3o isenta o Nantes de responsabilidade pela morte do jogador argentino em 2019<\/h2>\n<p><img decoding=\"async\" src=\"https:\/\/media-manager.noticiasaominuto.com.br\/960\/naom_5c751106dc52b.webp\" \/><\/p>\n<p>\u00a9 Reuters<\/p>\n<p><img decoding=\"async\" src=\"https:\/\/noticiasaominutobr-img.com\/team\/naom.png\" \/><\/p>\n<p><span><br \/>\n                    30\/03\/2026 21:00 \u2027<br \/>\n                    h\u00e1 59 minutos<br \/>\n                    por Not\u00edcias ao Minuto<br \/>\n                <\/span><\/p>\n<p>\n                        Esporte\n                    <\/p>\n<p>\n                                                    Emiliano Sala\n                                            <\/p>\n<div class=\"article-content mb-24 font-slab text-paragraph font-light\">\n<p><span>A<\/span>p\u00f3s sete anos, o caso Emiliano Sala foi encerrado na Justi\u00e7a com uma reviravolta. O Tribunal de Com\u00e9rcio de Nantes decidiu a favor do clube franc\u00eas na disputa com o Cardiff, que havia acionado a Justi\u00e7a pedindo uma indeniza\u00e7\u00e3o milion\u00e1ria.<\/p>\n<p>                                                        \u00a0<\/p>\n<p>Segundo o jornal Marca, o Cardiff entrou com uma a\u00e7\u00e3o exigindo 122,2 milh\u00f5es de euros. O clube gal\u00eas alegava preju\u00edzos por n\u00e3o ter podido contar com o jogador at\u00e9 o fim da temporada e estimou qual teria sido a contribui\u00e7\u00e3o do atacante argentino em campo. Naquele ano, a equipe ainda disputava a Premier League, mas acabou rebaixada ao fim da competi\u00e7\u00e3o.<\/p>\n<p>O c\u00e1lculo levou em conta os gols que Sala poderia ter marcado e os pontos que o clube poderia ter conquistado, caso n\u00e3o tivesse ocorrido o acidente a\u00e9reo que resultou na morte do jogador. O argentino havia sido contratado em janeiro por 17 milh\u00f5es de euros, mas nunca chegou a se apresentar, j\u00e1 que morreu poucos dias depois.<\/p>\n<p>Diante disso, o Cardiff considerou justo pedir a indeniza\u00e7\u00e3o, mas a Justi\u00e7a francesa n\u00e3o acatou o argumento.<\/p>\n<p>Nesta segunda-feira, o tribunal rejeitou o pedido do clube gal\u00eas e isentou o Nantes de qualquer responsabilidade pelo acidente que matou Emiliano Sala.<\/p>\n<p>O Cardiff chegou a atribuir a responsabilidade pela morte ao agente Willie McKay, apontado como organizador do voo. J\u00e1 o Nantes sempre negou qualquer envolvimento.<\/p>\n<p>Al\u00e9m de rejeitar a a\u00e7\u00e3o, o tribunal condenou o Cardiff ao pagamento de 480 mil euros. Desse total, 300 mil euros referem-se a danos morais, enquanto o restante foi fixado com base no artigo 700 do C\u00f3digo de Processo Civil franc\u00eas.<\/p>\n<p><span>A m\u00e3e de Emiliano Sala, Mercedes Taffarel, acompanhou a audi\u00eancia.<\/span><\/p>\n<p>O jogador argentino morreu em 21 de janeiro de 2019, poucos dias antes de ser apresentado oficialmente pelo Cardiff. Ele e o piloto David Ibbotson estavam a bordo de um avi\u00e3o privado que caiu no Canal da Mancha.<\/p>\n<p>O caso voltou ao centro das aten\u00e7\u00f5es em 2023, quando o Cardiff decidiu processar o Nantes, alegando preju\u00edzos esportivos e financeiros pela impossibilidade de utilizar o atacante naquela temporada.<br \/>\u00a0<\/p>\n<p><img decoding=\"async\" src=\"https:\/\/media-manager.noticiasaominuto.com\/640\/naom_69b9ca7f8c777.jpg\" \/><\/p>\n<h2><a href=\"https:\/\/www.noticiasaominuto.com.br\/esporte\/2370970\/bayern-munique-descarta-vinicius-junior-e-impagavel\"> Bayern Munique descarta Vin\u00edcius J\u00fanior: &#8220;\u00c9 impag\u00e1vel&#8221; <\/a><\/h2>\n<p>Karl-Heinz Rummenigge, membro do Conselho de Supervis\u00e3o do Bayern Munique, aponta Vin\u00edcius J\u00fanior como &#8220;um dos jogadores preferidos de Florentino&#8221; P\u00e9rez, presidente do Real Madrid, e recorda o &#8216;ass\u00e9dio&#8217; da Ar\u00e1bia Saudita.<\/p>\n<p><small> Not\u00edcias ao Minuto | 14:30 &#8211; 30\/03\/2026 <\/small><\/p>\n<\/div>\n<p>\n            Partilhe a not\u00edcia\n        <\/p>\n<\/div>","protected":false},"excerpt":{"rendered":"<p>Tribunal franc\u00eas encerra disputa ap\u00f3s sete anos, nega indeniza\u00e7\u00e3o de 122 milh\u00f5es de euros e condena clube gal\u00eas a pagar&hellip;<\/p>\n","protected":false},"author":4,"featured_media":322810,"comment_status":"open","ping_status":"open","sticky":false,"template":"","format":"standard","meta":{"footnotes":""},"categories":[6],"tags":[],"class_list":["post-322809","post","type-post","status-publish","format-standard","has-post-thumbnail","hentry","category-esportes"],"_links":{"self":[{"href":"https:\/\/villanews.com.br\/index.php?rest_route=\/wp\/v2\/posts\/322809","targetHints":{"allow":["GET"]}}],"collection":[{"href":"https:\/\/villanews.com.br\/index.php?rest_route=\/wp\/v2\/posts"}],"about":[{"href":"https:\/\/villanews.com.br\/index.php?rest_route=\/wp\/v2\/types\/post"}],"author":[{"embeddable":true,"href":"https:\/\/villanews.com.br\/index.php?rest_route=\/wp\/v2\/users\/4"}],"replies":[{"embeddable":true,"href":"https:\/\/villanews.com.br\/index.php?rest_route=%2Fwp%2Fv2%2Fcomments&post=322809"}],"version-history":[{"count":0,"href":"https:\/\/villanews.com.br\/index.php?rest_route=\/wp\/v2\/posts\/322809\/revisions"}],"wp:featuredmedia":[{"embeddable":true,"href":"https:\/\/villanews.com.br\/index.php?rest_route=\/wp\/v2\/media\/322810"}],"wp:attachment":[{"href":"https:\/\/villanews.com.br\/index.php?rest_route=%2Fwp%2Fv2%2Fmedia&parent=322809"}],"wp:term":[{"taxonomy":"category","embeddable":true,"href":"https:\/\/villanews.com.br\/index.php?rest_route=%2Fwp%2Fv2%2Fcategories&post=322809"},{"taxonomy":"post_tag","embeddable":true,"href":"https:\/\/villanews.com.br\/index.php?rest_route=%2Fwp%2Fv2%2Ftags&post=322809"}],"curies":[{"name":"wp","href":"https:\/\/api.w.org\/{rel}","templated":true}]}}