{"id":322115,"date":"2026-03-30T12:31:15","date_gmt":"2026-03-30T16:31:15","guid":{"rendered":"https:\/\/villanews.com.br\/?p=322115"},"modified":"2026-03-30T12:31:15","modified_gmt":"2026-03-30T16:31:15","slug":"moro-e-outros-15-parlamentares-pedem-para-visitar-filipe-martins-na-prisao","status":"publish","type":"post","link":"https:\/\/villanews.com.br\/?p=322115","title":{"rendered":"Moro e outros 15 parlamentares pedem para visitar Filipe Martins na pris\u00e3o"},"content":{"rendered":"<div class=\"postBody_post-body-container__1KhtH\">\n<p>A defesa do ex-assessor Filipe Martins pediu autoriza\u00e7\u00e3o ao ministro do Supremo Tribunal Federal (STF) Alexandre de Moraes para a visita de um grupo de 16 parlamentares, a pedido dos pr\u00f3prios. A peti\u00e7\u00e3o foi protocolada nesta segunda-feira (30).<\/p>\n<p>Um dos nomes na lista \u00e9 o do senador e pr\u00e9-candidato ao governo do Paran\u00e1 <strong>Sergio Moro (PL-PR)<\/strong>. Ele deixou o Uni\u00e3o Brasil recentemente. O novo presidente do PL no Paran\u00e1, Filipe Barros, tamb\u00e9m est\u00e1 entre os que solicitou uma visita. Os dois fazem parte de uma tens\u00e3o em torno da chapa paranaense que envolveu ainda o deputado federal Giacobo (sem partido-PR).<\/p>\n<p>Giacobo deixou o PL em protesto contra o apoio a Moro. O advogado de Filipe Martins, Jeffrey Chiquini, que tamb\u00e9m \u00e9 pr\u00e9-candidato a deputado federal pelo Novo, disse em suas redes sociais que sua escolha partid\u00e1ria se deveu ao fato de que o PL no Paran\u00e1, sob o comando de Giacobo, &#8220;estava desalinhado com a direita&#8221; e agora, com Filipe na presid\u00eancia, &#8220;voltou \u00e0s suas ra\u00edzes&#8221;.<\/p>\n<p>VEJA TAMB\u00c9M:<\/p>\n<h2>Veja os outros nomes<\/h2>\n<p><img decoding=\"async\" src=\"https:\/\/media.gazetadopovo.com.br\/2026\/03\/30132451\/54960525730_edf9ef84d5_o.jpg.webp\" \/><i>Coordenador da pr\u00e9-campanha de Fl\u00e1vio Bolsonaro, Rog\u00e9rio Marinho est\u00e1 na lista de  16 parlamentares que pretendem visitar Filipe Martins. (Foto: Carlos Moura\/Ag\u00eancia Senado)<\/i><\/p>\n<p>O grupo inclui ainda lideran\u00e7as na C\u00e2mara:<\/p>\n<ul>\n<li>S\u00f3stenes Cavalcante (RJ), l\u00edder do PL;<\/li>\n<li>Cabo Gilberto Silva (PL-PB), l\u00edder da oposi\u00e7\u00e3o;<\/li>\n<li>Gustavo Gayer (PL-GO), l\u00edder da minoria;<\/li>\n<li>Marcel van Hattem (RS), l\u00edder do Novo;<\/li>\n<\/ul>\n<p>O coordenador da campanha do senador e pr\u00e9-candidato \u00e0 Presid\u00eancia Fl\u00e1vio Bolsonaro (PL-RJ), senador <strong>Rog\u00e9rio Marinho (PL-RN)<\/strong>, tamb\u00e9m quer visitar Filipe Martins. Ele tamb\u00e9m \u00e9 l\u00edder da oposi\u00e7\u00e3o no Senado.<\/p>\n<p>Os outros nomes na lista s\u00e3o:<\/p>\n<ul>\n<li>Senadora Damares Alves (Republicanos-DF);<\/li>\n<li>Deputado federal Nikolas Ferreira (PL-MG);<\/li>\n<li>Deputado federal Carlos Jordy (PL-RJ);<\/li>\n<li>Deputada federal Bia Kicis (PL-DF);<\/li>\n<li>Senador Eduardo Gir\u00e3o (Novo-CE);<\/li>\n<li>Deputada federal J\u00falia Zanatta (PL-SC);<\/li>\n<li>Deputado federal Evair de Melo (PP-ES);<\/li>\n<li>Deputado federal Rodrigo Valadares (Uni\u00e3o-SE);<\/li>\n<li>Deputado federal Andr\u00e9 Fernandes (PL-CE);<\/li>\n<\/ul>\n<p>Filipe Martins est\u00e1 preso preventivamente na Casa de Cust\u00f3dia de Ponta Grossa, mas j\u00e1 foi condenado a 21 anos e seis meses de pris\u00e3o na a\u00e7\u00e3o do n\u00facleo 2, acusado de participar de uma tentativa de golpe de Estado.<\/p>\n<p>Antes disso, Moraes ainda precisa analisar um pedido de visita do ex-governador de Minas Gerais e pr\u00e9-candidato \u00e0 Presid\u00eancia Romeu Zema (Novo).<\/p>\n<\/div>","protected":false},"excerpt":{"rendered":"<p>A defesa do ex-assessor Filipe Martins pediu autoriza\u00e7\u00e3o ao ministro do Supremo Tribunal Federal (STF) Alexandre de Moraes para a&hellip;<\/p>\n","protected":false},"author":4,"featured_media":321855,"comment_status":"open","ping_status":"open","sticky":false,"template":"","format":"standard","meta":{"footnotes":""},"categories":[5],"tags":[],"class_list":["post-322115","post","type-post","status-publish","format-standard","has-post-thumbnail","hentry","category-politica"],"_links":{"self":[{"href":"https:\/\/villanews.com.br\/index.php?rest_route=\/wp\/v2\/posts\/322115","targetHints":{"allow":["GET"]}}],"collection":[{"href":"https:\/\/villanews.com.br\/index.php?rest_route=\/wp\/v2\/posts"}],"about":[{"href":"https:\/\/villanews.com.br\/index.php?rest_route=\/wp\/v2\/types\/post"}],"author":[{"embeddable":true,"href":"https:\/\/villanews.com.br\/index.php?rest_route=\/wp\/v2\/users\/4"}],"replies":[{"embeddable":true,"href":"https:\/\/villanews.com.br\/index.php?rest_route=%2Fwp%2Fv2%2Fcomments&post=322115"}],"version-history":[{"count":0,"href":"https:\/\/villanews.com.br\/index.php?rest_route=\/wp\/v2\/posts\/322115\/revisions"}],"wp:featuredmedia":[{"embeddable":true,"href":"https:\/\/villanews.com.br\/index.php?rest_route=\/wp\/v2\/media\/321855"}],"wp:attachment":[{"href":"https:\/\/villanews.com.br\/index.php?rest_route=%2Fwp%2Fv2%2Fmedia&parent=322115"}],"wp:term":[{"taxonomy":"category","embeddable":true,"href":"https:\/\/villanews.com.br\/index.php?rest_route=%2Fwp%2Fv2%2Fcategories&post=322115"},{"taxonomy":"post_tag","embeddable":true,"href":"https:\/\/villanews.com.br\/index.php?rest_route=%2Fwp%2Fv2%2Ftags&post=322115"}],"curies":[{"name":"wp","href":"https:\/\/api.w.org\/{rel}","templated":true}]}}