{"id":321945,"date":"2026-03-30T13:08:03","date_gmt":"2026-03-30T17:08:03","guid":{"rendered":"https:\/\/villanews.com.br\/?p=321945"},"modified":"2026-03-30T13:08:03","modified_gmt":"2026-03-30T17:08:03","slug":"a-solucao-para-a-crise-do-supremo","status":"publish","type":"post","link":"https:\/\/villanews.com.br\/?p=321945","title":{"rendered":"A solu\u00e7\u00e3o para a crise do Supremo"},"content":{"rendered":"<div class=\"postLayout_post-content__gsXFz\"><img decoding=\"async\" src=\"https:\/\/media.gazetadopovo.com.br\/2026\/03\/30105053\/Justica-STF.jpg.webp\" \/><span>Fachada do Supremo Tribunal Federal (Foto: Luiz Silveira\/STF)<\/span>\n<p>Ou\u00e7a este conte\u00fado<\/p>\n<div class=\"postBody_post-body-container__1KhtH\">\n<p>Com o recente esc\u00e2ndalo do caso Master, tornou-se lugar-comum afirmar que o Supremo Tribunal Federal atravessa sua <a href=\"https:\/\/www.gazetadopovo.com.br\/republica\/confianca-no-stf-despenca-a-minimo-historico-com-desgaste-ampliado-pelo-caso-master\/?ref=veja-tambem\">pior crise hist\u00f3rica de credibilidade<\/a>. Acossados por uma <a href=\"https:\/\/www.gazetadopovo.com.br\/vozes\/cidadania-digital\/pesquisa-revela-que-stf-atingiu-recorde-historico-impopularidade\/\">desconfian\u00e7a generalizada<\/a>, ministros tentam, semanalmente, provar o valor da Corte por meio de decis\u00f5es de ocasi\u00e3o.<\/p>\n<p>Vimos esse movimento na suspens\u00e3o dos \u201cpenduricalhos\u201d (posteriormente restaurados), no fim da aposentadoria como san\u00e7\u00e3o para ju\u00edzes (que j\u00e1 \u00e9 alvo de insatisfa\u00e7\u00e3o na classe) e na tardia e incipiente proposta de um c\u00f3digo de \u00e9tica.<\/p>\n<p>Em todos esses atos, escapa aos magistrados o motivo prosaico de sua p\u00e9ssima reputa\u00e7\u00e3o: na mesa do brasileiro, quando se indaga o que move o STF, a resposta raramente \u00e9 o Direito. Fala-se em interesses pol\u00edticos, prefer\u00eancias ideol\u00f3gicas, favorecimentos econ\u00f4micos ou barganhas pessoais e familiares.<\/p>\n<p>Quase ningu\u00e9m acredita que ali se produz o bem mais elementar da magistratura: a justi\u00e7a \u2014 na simples acep\u00e7\u00e3o cl\u00e1ssica de dar a cada um o que lhe \u00e9 devido.<\/p>\n<p>Observe-se o exemplo mais rumoroso da pauta recente: os processos relativos ao \u201cgolpe\u201d de 2022. Pesquisa recente do instituto Ideia, contratada pelo canal Meio, mostra que 54% dos eleitores n\u00e3o enxergam uma tentativa de ruptura institucional nos eventos daquele per\u00edodo.<\/p>\n<p>A conclus\u00e3o l\u00f3gica \u00e9 devastadora: a maioria da popula\u00e7\u00e3o considera que o Supremo encarcerou centenas de inocentes. N\u00e3o existe m\u00e1cula maior do que isso para ju\u00edzes. A percep\u00e7\u00e3o p\u00fablica \u00e9 a de que cidad\u00e3os comuns \u2014 donas de casa, aposentados e trabalhadores \u2014 foram punidos por pura persegui\u00e7\u00e3o, em julgamentos padronizados, com senten\u00e7as em s\u00e9rie.<\/p>\n<p>Mesmo para quem acredita na tese do golpe, a impress\u00e3o de parcialidade e trucul\u00eancia processual \u00e9 incontorn\u00e1vel. O caso emblem\u00e1tico \u00e9 o de Jair Bolsonaro, condenado de antem\u00e3o a partir de uma dela\u00e7\u00e3o omissa e for\u00e7ada.<\/p>\n<p>Mas o ativismo n\u00e3o se restringe \u00e0 seara penal. No campo pol\u00edtico, a <a href=\"https:\/\/www.gazetadopovo.com.br\/republica\/maioria-brasileiros-stf-aliado-lula-mostra-quaest\/\">inclina\u00e7\u00e3o governista \u00e9 flagrante<\/a>. O decano Gilmar Mendes chegou a sugerir que a elei\u00e7\u00e3o de Lula se deveu ao tribunal \u2014 uma afirma\u00e7\u00e3o que, independentemente da interpreta\u00e7\u00e3o, revela uma perigosa simbiose. Na pr\u00e1tica, quando o Executivo n\u00e3o convence o Congresso, socorre-se do STF para governar, especialmente em quest\u00f5es fiscais.<\/p>\n<p>O dano se estende \u00e0 economia. Em poucos anos, o Supremo logrou implodir o conceito de coisa julgada no Direito Tribut\u00e1rio e desidratar reformas essenciais, como a da Previd\u00eancia (2019) e a Trabalhista (2017). O esc\u00e2ndalo Master foi apenas a cereja do bolo, alarmando o mercado pelo risco de interven\u00e7\u00e3o direta na regula\u00e7\u00e3o do Banco Central.<\/p>\n<p>O Brasil acostumou-se a ver em sua corte m\u00e1xima o que seria intoler\u00e1vel em qualquer juiz de primeira inst\u00e2ncia: o julgamento conforme a conveni\u00eancia. Diante disso, decis\u00f5es e iniciativas recentes n\u00e3o passam de maquiagem. O reconhecimento do erro e uma aut\u00eantica conten\u00e7\u00e3o de poder seriam os primeiros passos para come\u00e7ar a retomar confian\u00e7a, ativo essencial para o Poder Judici\u00e1rio. Com os ministros que est\u00e3o a\u00ed, n\u00e3o vai acontecer t\u00e3o cedo.<\/p>\n<\/div>\n<h2>Voc\u00ea pode se interessar<\/h2>\n<p>Encontrou algo errado na mat\u00e9ria?<\/p>\n<p>Comunique erros<\/p>\n<p>Use este espa\u00e7o apenas para a comunica\u00e7\u00e3o de erros<\/p>\n<\/div>","protected":false},"excerpt":{"rendered":"<p>Fachada do Supremo Tribunal Federal (Foto: Luiz Silveira\/STF) Ou\u00e7a este conte\u00fado Com o recente esc\u00e2ndalo do caso Master, tornou-se lugar-comum&hellip;<\/p>\n","protected":false},"author":4,"featured_media":321946,"comment_status":"open","ping_status":"open","sticky":false,"template":"","format":"standard","meta":{"footnotes":""},"categories":[204],"tags":[],"class_list":["post-321945","post","type-post","status-publish","format-standard","has-post-thumbnail","hentry","category-ultimas-noticias"],"_links":{"self":[{"href":"https:\/\/villanews.com.br\/index.php?rest_route=\/wp\/v2\/posts\/321945","targetHints":{"allow":["GET"]}}],"collection":[{"href":"https:\/\/villanews.com.br\/index.php?rest_route=\/wp\/v2\/posts"}],"about":[{"href":"https:\/\/villanews.com.br\/index.php?rest_route=\/wp\/v2\/types\/post"}],"author":[{"embeddable":true,"href":"https:\/\/villanews.com.br\/index.php?rest_route=\/wp\/v2\/users\/4"}],"replies":[{"embeddable":true,"href":"https:\/\/villanews.com.br\/index.php?rest_route=%2Fwp%2Fv2%2Fcomments&post=321945"}],"version-history":[{"count":0,"href":"https:\/\/villanews.com.br\/index.php?rest_route=\/wp\/v2\/posts\/321945\/revisions"}],"wp:featuredmedia":[{"embeddable":true,"href":"https:\/\/villanews.com.br\/index.php?rest_route=\/wp\/v2\/media\/321946"}],"wp:attachment":[{"href":"https:\/\/villanews.com.br\/index.php?rest_route=%2Fwp%2Fv2%2Fmedia&parent=321945"}],"wp:term":[{"taxonomy":"category","embeddable":true,"href":"https:\/\/villanews.com.br\/index.php?rest_route=%2Fwp%2Fv2%2Fcategories&post=321945"},{"taxonomy":"post_tag","embeddable":true,"href":"https:\/\/villanews.com.br\/index.php?rest_route=%2Fwp%2Fv2%2Ftags&post=321945"}],"curies":[{"name":"wp","href":"https:\/\/api.w.org\/{rel}","templated":true}]}}