{"id":321943,"date":"2026-03-30T13:15:00","date_gmt":"2026-03-30T17:15:00","guid":{"rendered":"https:\/\/villanews.com.br\/?p=321943"},"modified":"2026-03-30T13:15:00","modified_gmt":"2026-03-30T17:15:00","slug":"comissao-aprova-acesso-a-tecnologia-assistiva-pelo-sus-para-pessoas-com-deficiencia","status":"publish","type":"post","link":"https:\/\/villanews.com.br\/?p=321943","title":{"rendered":"Comiss\u00e3o aprova acesso a tecnologia assistiva pelo SUS para pessoas com defici\u00eancia"},"content":{"rendered":"<article class=\"g-artigo artigo--noticia\">\n<span>Direitos Humanos<\/span>\n<h1>Comiss\u00e3o aprova acesso a tecnologia assistiva pelo SUS para pessoas com defici\u00eancia<\/h1>\n<p>O projeto continua em an\u00e1lise na C\u00e2mara dos Deputados<\/p>\n<div>\n<p>\n\t\t\t\t\t\t\t\t\t\t\t30\/03\/2026 &#8211; 14:15 \u00a0\n\t\t\t\t\t\t\t\t\t\t<\/p>\n<p><em>Bruno Spada\/C\u00e2mara dos Deputados<\/em><br \/>\n<img decoding=\"async\" src=\"https:\/\/www.camara.leg.br\/midias\/image\/2026\/03\/img20241216203141935-2-768x473.jpg\" \/><\/p>\n<div>Amom Mandel: medida vai melhorar, de fato, a qualidade de vida dessas pessoas<\/div>\n<p>A Comiss\u00e3o de Sa\u00fade da C\u00e2mara dos Deputados aprovou projeto de lei que assegura \u00e0s pessoas com defici\u00eancia o direito de acessar tecnologias assistivas por meio do Sistema \u00danico de Sa\u00fade (SUS). A proposta busca promover autonomia, dignidade e inclus\u00e3o social desse grupo por meio de recursos tecnol\u00f3gicos indispens\u00e1veis para o exerc\u00edcio da cidadania.<\/p>\n<p>O texto aprovado foi o <span title=\"Nome que se d\u00e1 ao texto que altera substancialmente o conte\u00fado original da proposta. O substitutivo \u00e9 apresentado pelo relator e tem prefer\u00eancia na vota\u00e7\u00e3o sobre o projeto original.\">substitutivo<\/span> apresentado pelo relator, deputado Amom Mandel (Cidadania-AM), que realizou ajustes no projeto original (<a href=\"https:\/\/www.camara.leg.br\/noticias\/1135861-projeto-preve-fornecimento-de-tecnologia-assistiva-para-pessoas-com-deficiencia-em-90-dias-pelo-sus\">PL 4326\/24<\/a>), do deputado Duarte Jr. (PSB-MA).<\/p>\n<p>Enquanto o texto inicial cria uma lei aut\u00f4noma para instituir o direito \u00e0 assist\u00eancia tecnol\u00f3gica personalizada, a nova reda\u00e7\u00e3o incorpora esse direito diretamente ao <a href=\"https:\/\/www2.camara.leg.br\/legin\/fed\/lei\/2015\/lei-13146-6-julho-2015-781174-norma-pl.html\">Estatuto da Pessoa com Defici\u00eancia<\/a>.<\/p>\n<p>Segundo o relator, os ajustes garantem a exequibilidade do projeto e refor\u00e7am direitos j\u00e1 existentes. Com a altera\u00e7\u00e3o, o SUS dever\u00e1 assegurar o acesso aos recursos tecnol\u00f3gicos, seguindo os crit\u00e9rios j\u00e1 estabelecidos para a assist\u00eancia terap\u00eautica integral e a incorpora\u00e7\u00e3o de novas tecnologias na sa\u00fade p\u00fablica.<\/p>\n<p><strong>Tecnologia<\/strong><\/p>\n<p>\n\t\t\t\tAmom Mandel ressaltou que as pessoas com defici\u00eancia enfrentam barreiras constantes no trabalho, nos estudos e em atividades sociais que podem ser superadas com o apoio tecnol\u00f3gico.<\/p>\n<p>\u201cO acesso a recursos tecnol\u00f3gicos de apoio \u00e0s pessoas com defici\u00eancia vai melhorar, de fato, a qualidade de vida dessas pessoas e proporcionar a melhoria do perfil de sa\u00fade f\u00edsica e mental\u201d, afirmou Mandel.<\/p>\n<p>A tecnologia assistiva inclui desde equipamentos e dispositivos at\u00e9 metodologias e servi\u00e7os que proporcionam independ\u00eancia e qualidade de vida \u00e0s pessoas com defici\u00eancia ou mobilidade reduzida. Abrange desde recursos simples, como engrossadores de l\u00e1pis, at\u00e9 itens complexos, como cadeiras de rodas motorizadas.<\/p>\n<p><strong>Pr\u00f3ximos passos<\/strong><\/p>\n<p>\n\t\t\t\tA proposta, que tramita em <span title=\"Rito de tramita\u00e7\u00e3o pelo qual o projeto \u00e9 votado apenas pelas comiss\u00f5es designadas para analis\u00e1-lo, dispensada a delibera\u00e7\u00e3o do Plen\u00e1rio. O projeto perde o car\u00e1ter conclusivo se houver decis\u00e3o divergente entre as comiss\u00f5es ou se, independentemente de ser aprovado ou rejeitado, houver recurso assinado por 52 deputados para a aprecia\u00e7\u00e3o da mat\u00e9ria no Plen\u00e1rio.\">car\u00e1ter conclusivo<\/span>, ainda ser\u00e1 analisada pelas comiss\u00f5es de Defesa dos Direitos das Pessoas com Defici\u00eancia; de Finan\u00e7as e Tributa\u00e7\u00e3o; e de Constitui\u00e7\u00e3o e Justi\u00e7a e de Cidadania.<\/p>\n<p>Para virar lei, precisa ser aprovada pela C\u00e2mara e pelo Senado.<\/p>\n<ul>\n<li><a href=\"https:\/\/www.camara.leg.br\/noticias\/573454-SAIBA-MAIS-SOBRE-A-TRAMITACAO-DE-PROJETOS-DE-LEI\">Saiba mais sobre a tramita\u00e7\u00e3o de projetos de lei<\/a><\/li>\n<\/ul>\n<p>Reportagem \u2013 No\u00e9li Nobre<\/p>\n<p>Edi\u00e7\u00e3o \u2013 Marcia Becker<\/p>\n<\/div>\n<\/article>","protected":false},"excerpt":{"rendered":"<p>Direitos Humanos Comiss\u00e3o aprova acesso a tecnologia assistiva pelo SUS para pessoas com defici\u00eancia O projeto continua em an\u00e1lise na&hellip;<\/p>\n","protected":false},"author":4,"featured_media":321944,"comment_status":"open","ping_status":"open","sticky":false,"template":"","format":"standard","meta":{"footnotes":""},"categories":[240],"tags":[],"class_list":["post-321943","post","type-post","status-publish","format-standard","has-post-thumbnail","hentry","category-camara-dos-deputados"],"_links":{"self":[{"href":"https:\/\/villanews.com.br\/index.php?rest_route=\/wp\/v2\/posts\/321943","targetHints":{"allow":["GET"]}}],"collection":[{"href":"https:\/\/villanews.com.br\/index.php?rest_route=\/wp\/v2\/posts"}],"about":[{"href":"https:\/\/villanews.com.br\/index.php?rest_route=\/wp\/v2\/types\/post"}],"author":[{"embeddable":true,"href":"https:\/\/villanews.com.br\/index.php?rest_route=\/wp\/v2\/users\/4"}],"replies":[{"embeddable":true,"href":"https:\/\/villanews.com.br\/index.php?rest_route=%2Fwp%2Fv2%2Fcomments&post=321943"}],"version-history":[{"count":0,"href":"https:\/\/villanews.com.br\/index.php?rest_route=\/wp\/v2\/posts\/321943\/revisions"}],"wp:featuredmedia":[{"embeddable":true,"href":"https:\/\/villanews.com.br\/index.php?rest_route=\/wp\/v2\/media\/321944"}],"wp:attachment":[{"href":"https:\/\/villanews.com.br\/index.php?rest_route=%2Fwp%2Fv2%2Fmedia&parent=321943"}],"wp:term":[{"taxonomy":"category","embeddable":true,"href":"https:\/\/villanews.com.br\/index.php?rest_route=%2Fwp%2Fv2%2Fcategories&post=321943"},{"taxonomy":"post_tag","embeddable":true,"href":"https:\/\/villanews.com.br\/index.php?rest_route=%2Fwp%2Fv2%2Ftags&post=321943"}],"curies":[{"name":"wp","href":"https:\/\/api.w.org\/{rel}","templated":true}]}}