{"id":312457,"date":"2026-03-25T12:58:06","date_gmt":"2026-03-25T16:58:06","guid":{"rendered":"https:\/\/villanews.com.br\/?p=312457"},"modified":"2026-03-25T12:58:06","modified_gmt":"2026-03-25T16:58:06","slug":"deputados-do-pt-votam-a-favor-de-tarcisio-em-pedido-de-emprestimo","status":"publish","type":"post","link":"https:\/\/villanews.com.br\/?p=312457","title":{"rendered":"Deputados do PT votam a favor de Tarc\u00edsio em pedido de empr\u00e9stimo"},"content":{"rendered":"<div class=\"postBody_post-body-container__1KhtH\">\n<p>A Assembleia Legislativa de S\u00e3o Paulo (Alesp) autorizou o governo do estado de S\u00e3o Paulo a contratar empr\u00e9stimos em reais e d\u00f3lares que, somados, correspondem a cerca de R$ 15 bilh\u00f5es. A an\u00e1lise ocorreu nesta ter\u00e7a-feira (24) e chamou a aten\u00e7\u00e3o por ter votos favor\u00e1veis da bancada do PT e votos contr\u00e1rios da base governista.<\/p>\n<p>Do lado governista, o deputado estadual Gil Diniz (PL) foi um dos que votaram contra. Ao perceber que seis parlamentares do PT ajudaram a aprovar o texto, ele ironizou: &#8220;O PT votou junto com o governador Tarc\u00edsio e a sua base aqui. Repito, o Partido dos Trabalhadores vai eleger Tarc\u00edsio Gomes de Freitas. O PT \u00e9 um transpartido&#8221;.<\/p>\n<p>Outros dois governistas votaram contra o Executivo: Vit\u00e3o do Cachorr\u00e3o (Podemos) e Guto Zacarias (Miss\u00e3o). O PT apontou falta de transpar\u00eancia e o regime de urg\u00eancia atribu\u00eddo \u00e0 proposta, mas seis de seus deputados estaduais votaram para aprovar o cr\u00e9dito, incluindo Eduardo Suplicy.<\/p>\n<p>VEJA TAMB\u00c9M:<\/p>\n<p>Em entrevista ao <em>UOL<\/em>, o deputado estadual Paulo Fiorilo, que tamb\u00e9m votou a favor, explicou que ele e seus colegas acreditam que o projeto beneficiar\u00e1 a popula\u00e7\u00e3o. &#8220;N\u00e3o fomos n\u00f3s que aprovamos, o governo j\u00e1 tinha os votos. Se n\u00e3o tivesse e a gente n\u00e3o tivesse votado, ficaria pendente de aprova\u00e7\u00e3o&#8221;, completou. Os outros votos foram de Beth Sah\u00e3o, Jorge do Carmo, Luiz Marcolino e Professora Bebel.<\/p>\n<p>A proposta contempla a pauta social ao prever US$ 82 milh\u00f5es ao Programa de Supera\u00e7\u00e3o da Pobreza. Al\u00e9m disso, pede autoriza\u00e7\u00e3o para um empr\u00e9stimo de US$ 157 milh\u00f5es para investimentos em sa\u00fade.<\/p>\n<p>Estes, por\u00e9m, s\u00e3o os menores valores fixados no texto, que ainda permite ao governador Tarc\u00edsio de Freitas (Republicanos) contratar um cr\u00e9dito de US$ 970 milh\u00f5es para dar conta da d\u00edvida p\u00fablica do estado.<\/p>\n<p>O maior empr\u00e9stimo a ser contratado, por\u00e9m, deve ocorrer para a conclus\u00e3o do Rodoanel M\u00e1rio Covas. A Alesp deu ao Executivo duas op\u00e7\u00f5es: R$ 5,3 bilh\u00f5es ou US$ 977 milh\u00f5es.<\/p>\n<p>Outro cr\u00e9dito que pode ocorrer tanto em moeda nacional quanto em moeda americana \u00e9 o que abre margem para a constru\u00e7\u00e3o do novo centro administrativo do governo estadual. Para a mudan\u00e7a, Tarc\u00edsio de Freitas pode pegar R$ 3,4 bilh\u00f5es ou US$ 636 milh\u00f5es emprestados.<\/p>\n<\/div>\n<p>\u00a0<\/p>","protected":false},"excerpt":{"rendered":"<p>A Assembleia Legislativa de S\u00e3o Paulo (Alesp) autorizou o governo do estado de S\u00e3o Paulo a contratar empr\u00e9stimos em reais&hellip;<\/p>\n","protected":false},"author":4,"featured_media":310458,"comment_status":"open","ping_status":"open","sticky":false,"template":"","format":"standard","meta":{"footnotes":""},"categories":[190],"tags":[],"class_list":["post-312457","post","type-post","status-publish","format-standard","has-post-thumbnail","hentry","category-economia"],"_links":{"self":[{"href":"https:\/\/villanews.com.br\/index.php?rest_route=\/wp\/v2\/posts\/312457","targetHints":{"allow":["GET"]}}],"collection":[{"href":"https:\/\/villanews.com.br\/index.php?rest_route=\/wp\/v2\/posts"}],"about":[{"href":"https:\/\/villanews.com.br\/index.php?rest_route=\/wp\/v2\/types\/post"}],"author":[{"embeddable":true,"href":"https:\/\/villanews.com.br\/index.php?rest_route=\/wp\/v2\/users\/4"}],"replies":[{"embeddable":true,"href":"https:\/\/villanews.com.br\/index.php?rest_route=%2Fwp%2Fv2%2Fcomments&post=312457"}],"version-history":[{"count":0,"href":"https:\/\/villanews.com.br\/index.php?rest_route=\/wp\/v2\/posts\/312457\/revisions"}],"wp:featuredmedia":[{"embeddable":true,"href":"https:\/\/villanews.com.br\/index.php?rest_route=\/wp\/v2\/media\/310458"}],"wp:attachment":[{"href":"https:\/\/villanews.com.br\/index.php?rest_route=%2Fwp%2Fv2%2Fmedia&parent=312457"}],"wp:term":[{"taxonomy":"category","embeddable":true,"href":"https:\/\/villanews.com.br\/index.php?rest_route=%2Fwp%2Fv2%2Fcategories&post=312457"},{"taxonomy":"post_tag","embeddable":true,"href":"https:\/\/villanews.com.br\/index.php?rest_route=%2Fwp%2Fv2%2Ftags&post=312457"}],"curies":[{"name":"wp","href":"https:\/\/api.w.org\/{rel}","templated":true}]}}