{"id":311314,"date":"2026-03-25T18:59:09","date_gmt":"2026-03-25T22:59:09","guid":{"rendered":"https:\/\/villanews.com.br\/?p=311314"},"modified":"2026-03-25T18:59:09","modified_gmt":"2026-03-25T22:59:09","slug":"embraer-apresenta-primeiro-caca-supersonico-produzido-no-brasil","status":"publish","type":"post","link":"https:\/\/villanews.com.br\/?p=311314","title":{"rendered":"Embraer apresenta primeiro ca\u00e7a supers\u00f4nico produzido no Brasil"},"content":{"rendered":"<div class=\"postBody_post-body-container__1KhtH\">\n<p>A Embraer apresentou nesta quarta-feira (25) o primeiro ca\u00e7a supers\u00f4nico fabricado no Brasil, o F-39E Gripen. A iniciativa \u00e9 uma parceria com a empresa sueca Saab, criadora do modelo, e a For\u00e7a A\u00e9rea Brasileira (FAB). O contrato prev\u00ea a produ\u00e7\u00e3o de outros 14 ca\u00e7as.<\/p>\n<p>A Embraer destacou que esse marco coloca o Brasil \u201cem um seleto grupo de na\u00e7\u00f5es com capacidade de desenvolver e produzir aeronaves de combate de alta complexidade\u201d.<\/p>\n<p>O presidente Luiz In\u00e1cio Lula da Silva (PT), o ministro da Defesa, Jos\u00e9 M\u00facio, e a embaixadora da Su\u00e9cia no Brasil, Karin Wallensteen, estiveram presentes na cerim\u00f4nia realizada no complexo industrial da Embraer, em Gavi\u00e3o Peixoto (SP), onde s\u00e3o feitos os ca\u00e7as Gripen E.<\/p>\n<p>VEJA TAMB\u00c9M:<\/p>\n<p>\u201cAl\u00e9m da quest\u00e3o econ\u00f4mica e social que a ind\u00fastria representa, esse projeto permite a consolida\u00e7\u00e3o do nosso poder dissuas\u00f3rio, ampliando a capacidade de garantir a soberania nacional e a seguran\u00e7a regional\u201d, disse M\u00facio.<\/p>\n<p>Lula n\u00e3o discursou no evento, mas publicou um v\u00eddeo do momento em que sua aerenove \u00e9 escoltada por um Gripen.<\/p>\n<p>O contrato firmado em 2014 com o governo prev\u00ea o desenvolvimento e a produ\u00e7\u00e3o de 36 ca\u00e7as Gripen \u2014 28 Gripen E monoposto e 8 Gripen F biposto. Em 2020, o <a href=\"https:\/\/www.gazetadopovo.com.br\/republica\/breves\/caca-gripen-e-da-fab-faz-primeiro-voo-no-brasil\/\">primeiro ca\u00e7a<\/a> chegou ao Brasil. At\u00e9 o momento, 11 aeronaves foram entregues.<\/p>\n<p>Segundo a FAB, 15 das 36 aeronaves ter\u00e3o a montagem final realizada em solo nacional, na planta da Embraer.<\/p>\n<p>\u201cA estrat\u00e9gia integra o Programa F-X2 e \u00e9 considerada fundamental para a absor\u00e7\u00e3o de conhecimento t\u00e9cnico avan\u00e7ado, desde a produ\u00e7\u00e3o e o suporte log\u00edstico at\u00e9 futuras moderniza\u00e7\u00f5es\u201d, disse a For\u00e7a, em nota.<\/p>\n<p>As aeronaves produzidas no Brasil s\u00e3o iguais \u00e0s recebidas da Su\u00e9cia, seguindo padr\u00f5es de projeto, certifica\u00e7\u00e3o e qualidade. Desde fevereiro, o Gripen est\u00e1 a servi\u00e7o do Alerta de Defesa A\u00e9rea, a partir da Base A\u00e9rea de An\u00e1polis (GO), para garantir a prote\u00e7\u00e3o do espa\u00e7o a\u00e9reo sobre o Distrito Federal.<\/p>\n<h2>Como \u00e9 o ca\u00e7a supers\u00f4nico F-39E Gripen?<\/h2>\n<p>O Gripen E tem 15,2 metros de comprimento e envergadura de 8,6 metros. O peso m\u00e1ximo de decolagem \u00e9 de 16,5 toneladas. De acordo com a Saab, o ca\u00e7a tem 10 pontos para fixa\u00e7\u00e3o de carga externa, podendo transportar at\u00e9 sete m\u00edsseis ar-ar Meteor de longo alcance e dois m\u00edsseis IRIS-T de curto alcance.<\/p>\n<p>A aeronave pode atingir a velocidade de at\u00e9 2,4 mil km\/h (Mach 2, equivalente a cerca de duas vezes a velocidade do som). A autonomia de voo \u00e9 de at\u00e9 duas horas e meia.<\/p>\n<p>\u201cSua arquitetura centrada em rede e suas capacidades de fus\u00e3o de sensores permitem o compartilhamento de informa\u00e7\u00f5es em toda a forma\u00e7\u00e3o t\u00e1tica, apoiando decis\u00f5es coordenadas e aprimorando a consci\u00eancia situacional e a resposta a amea\u00e7as\u201d, afirmou a Embraer.<\/p>\n<p>VEJA TAMB\u00c9M:<\/p>\n<\/div>","protected":false},"excerpt":{"rendered":"<p>A Embraer apresentou nesta quarta-feira (25) o primeiro ca\u00e7a supers\u00f4nico fabricado no Brasil, o F-39E Gripen. A iniciativa \u00e9 uma&hellip;<\/p>\n","protected":false},"author":4,"featured_media":311166,"comment_status":"open","ping_status":"open","sticky":false,"template":"","format":"standard","meta":{"footnotes":""},"categories":[5],"tags":[],"class_list":["post-311314","post","type-post","status-publish","format-standard","has-post-thumbnail","hentry","category-politica"],"_links":{"self":[{"href":"https:\/\/villanews.com.br\/index.php?rest_route=\/wp\/v2\/posts\/311314","targetHints":{"allow":["GET"]}}],"collection":[{"href":"https:\/\/villanews.com.br\/index.php?rest_route=\/wp\/v2\/posts"}],"about":[{"href":"https:\/\/villanews.com.br\/index.php?rest_route=\/wp\/v2\/types\/post"}],"author":[{"embeddable":true,"href":"https:\/\/villanews.com.br\/index.php?rest_route=\/wp\/v2\/users\/4"}],"replies":[{"embeddable":true,"href":"https:\/\/villanews.com.br\/index.php?rest_route=%2Fwp%2Fv2%2Fcomments&post=311314"}],"version-history":[{"count":0,"href":"https:\/\/villanews.com.br\/index.php?rest_route=\/wp\/v2\/posts\/311314\/revisions"}],"wp:featuredmedia":[{"embeddable":true,"href":"https:\/\/villanews.com.br\/index.php?rest_route=\/wp\/v2\/media\/311166"}],"wp:attachment":[{"href":"https:\/\/villanews.com.br\/index.php?rest_route=%2Fwp%2Fv2%2Fmedia&parent=311314"}],"wp:term":[{"taxonomy":"category","embeddable":true,"href":"https:\/\/villanews.com.br\/index.php?rest_route=%2Fwp%2Fv2%2Fcategories&post=311314"},{"taxonomy":"post_tag","embeddable":true,"href":"https:\/\/villanews.com.br\/index.php?rest_route=%2Fwp%2Fv2%2Ftags&post=311314"}],"curies":[{"name":"wp","href":"https:\/\/api.w.org\/{rel}","templated":true}]}}