{"id":311160,"date":"2026-03-25T18:03:35","date_gmt":"2026-03-25T22:03:35","guid":{"rendered":"https:\/\/villanews.com.br\/?p=311160"},"modified":"2026-03-25T18:03:35","modified_gmt":"2026-03-25T22:03:35","slug":"kassab-deixa-governo-tarcisio-para-se-dedicar-as-eleicoes","status":"publish","type":"post","link":"https:\/\/villanews.com.br\/?p=311160","title":{"rendered":"Kassab deixa governo Tarc\u00edsio para se dedicar \u00e0s elei\u00e7\u00f5es"},"content":{"rendered":"<div class=\"postBody_post-body-container__1KhtH\">\n<p>O presidente do PSD, Gilberto Kassab, anunciou nesta quarta-feira (25) que deixou o comando da Secretaria de Governo da gest\u00e3o do governador de S\u00e3o Paulo, Tarc\u00edsio de Freitas (Republicanos), para se dedicar \u00e0s elei\u00e7\u00f5es deste ano. Ele estava no cargo desde janeiro de 2023.<\/p>\n<p>&#8220;Diante das intensas atividades nos campos partid\u00e1rio e eleitoral que se apresentam no calend\u00e1rio pol\u00edtico de 2026, com elei\u00e7\u00f5es para presidente, governadores, senadores e deputados em outubro, a minha atua\u00e7\u00e3o como secret\u00e1rio de Governo e Rela\u00e7\u00f5es Institucionais do Estado de S\u00e3o Paulo torna-se incompat\u00edvel com minha atividade pol\u00edtica e eleitoral neste per\u00edodo&#8221;, disse o dirigente nas redes sociais.<\/p>\n<p>Tarc\u00edsio j\u00e1 declarou que disputou a reelei\u00e7\u00e3o neste ano. Kassab agradeceu ao governador. &#8220;Em 2022 o PSD tomou a acertada decis\u00e3o de apoiar a candidatura do Tarc\u00edsio, pois ficava claro que ele era o mais preparado para adotar as medidas, implementar os projetos e a\u00e7\u00f5es que o Estado de S\u00e3o Paulo demandava para seguir e intensificar seu desenvolvimento&#8221;, afirmou.<\/p>\n<p>VEJA TAMB\u00c9M:<\/p>\n<p>\u201cO \u00eaxito alcan\u00e7ado em todos os setores ao longo desses quatro anos credencia o governador e seu governo a postular uma recondu\u00e7\u00e3o, que tem o apoio do PSD, como ocorreu quando da sua elei\u00e7\u00e3o\u201d, acrescentou Kassab.<\/p>\n<p>O PSD conta com dois presidenci\u00e1veis, os governadores Eduardo Leite (Rio Grande do Sul) e Ronaldo Caiado (Goi\u00e1s). O governador do Paran\u00e1, Ratinho J\u00fanior (PSD),<a href=\"https:\/\/www.gazetadopovo.com.br\/eleicoes\/2026\/ratinho-junior-preferiu-salvar-base-a-arriscar-dupla-derrota-desistencia-presidencia\/\"> se retirou <\/a>da corrida pelo Planalto nesta segunda (23).<\/p>\n<p>VEJA TAMB\u00c9M:<\/p>\n<\/div>","protected":false},"excerpt":{"rendered":"<p>O presidente do PSD, Gilberto Kassab, anunciou nesta quarta-feira (25) que deixou o comando da Secretaria de Governo da gest\u00e3o&hellip;<\/p>\n","protected":false},"author":4,"featured_media":311042,"comment_status":"open","ping_status":"open","sticky":false,"template":"","format":"standard","meta":{"footnotes":""},"categories":[5],"tags":[],"class_list":["post-311160","post","type-post","status-publish","format-standard","has-post-thumbnail","hentry","category-politica"],"_links":{"self":[{"href":"https:\/\/villanews.com.br\/index.php?rest_route=\/wp\/v2\/posts\/311160","targetHints":{"allow":["GET"]}}],"collection":[{"href":"https:\/\/villanews.com.br\/index.php?rest_route=\/wp\/v2\/posts"}],"about":[{"href":"https:\/\/villanews.com.br\/index.php?rest_route=\/wp\/v2\/types\/post"}],"author":[{"embeddable":true,"href":"https:\/\/villanews.com.br\/index.php?rest_route=\/wp\/v2\/users\/4"}],"replies":[{"embeddable":true,"href":"https:\/\/villanews.com.br\/index.php?rest_route=%2Fwp%2Fv2%2Fcomments&post=311160"}],"version-history":[{"count":0,"href":"https:\/\/villanews.com.br\/index.php?rest_route=\/wp\/v2\/posts\/311160\/revisions"}],"wp:featuredmedia":[{"embeddable":true,"href":"https:\/\/villanews.com.br\/index.php?rest_route=\/wp\/v2\/media\/311042"}],"wp:attachment":[{"href":"https:\/\/villanews.com.br\/index.php?rest_route=%2Fwp%2Fv2%2Fmedia&parent=311160"}],"wp:term":[{"taxonomy":"category","embeddable":true,"href":"https:\/\/villanews.com.br\/index.php?rest_route=%2Fwp%2Fv2%2Fcategories&post=311160"},{"taxonomy":"post_tag","embeddable":true,"href":"https:\/\/villanews.com.br\/index.php?rest_route=%2Fwp%2Fv2%2Ftags&post=311160"}],"curies":[{"name":"wp","href":"https:\/\/api.w.org\/{rel}","templated":true}]}}