{"id":311015,"date":"2026-03-25T17:55:00","date_gmt":"2026-03-25T21:55:00","guid":{"rendered":"https:\/\/villanews.com.br\/?p=311015"},"modified":"2026-03-25T17:55:00","modified_gmt":"2026-03-25T21:55:00","slug":"motta-quer-votar-fim-da-escala-de-trabalho-6x1-em-maio-no-plenario","status":"publish","type":"post","link":"https:\/\/villanews.com.br\/?p=311015","title":{"rendered":"Motta quer votar fim da escala de trabalho 6&#215;1 em maio no Plen\u00e1rio"},"content":{"rendered":"<article class=\"g-artigo artigo--noticia\">\n<span>Trabalho, Previd\u00eancia e Assist\u00eancia<\/span>\n<h1>Motta quer votar fim da escala de trabalho 6&#215;1 em maio no Plen\u00e1rio<\/h1>\n<p>Presidente da C\u00e2mara tamb\u00e9m defende vota\u00e7\u00e3o de proposta sobre terras raras<\/p>\n<div>\n<p>\n\t\t\t\t\t\t\t\t\t\t\t25\/03\/2026 &#8211; 18:55 \u00a0\n\t\t\t\t\t\t\t\t\t\t<\/p>\n<p><em>Acervo C\u00e2mara dos Deputados<\/em><br \/>\n<img decoding=\"async\" src=\"https:\/\/www.camara.leg.br\/midias\/image\/2026\/03\/img20260317165733711-768x473.jpg\" \/><\/p>\n<div>Motta: trabalhador deve ter mais tempo para lazer e para a sa\u00fade<\/div>\n<p>O presidente da C\u00e2mara, Hugo Motta (Republicanos-PB), afirmou que pretende levar ao Plen\u00e1rio em maio a vota\u00e7\u00e3o das propostas de emenda \u00e0 Constitui\u00e7\u00e3o que prev\u00eaem a redu\u00e7\u00e3o da jornada de trabalho e o fim da escala 6&#215;1.\u00a0Segundo ele, a <span title=\"Exame preliminar feito pela Comiss\u00e3o de Constitui\u00e7\u00e3o e Justi\u00e7a, no prazo de cinco sess\u00f5es do Plen\u00e1rio da C\u00e2mara, sobre aspectos de constitucionalidade, legalidade, regimentalidade e de t\u00e9cnica legislativa de uma proposta de emenda \u00e0 Constitui\u00e7\u00e3o (PEC). Se admitida, a PEC ser\u00e1 encaminhada a uma comiss\u00e3o especial para an\u00e1lise do m\u00e9rito da proposta. Em caso de inadmissibilidade, a PEC ser\u00e1 arquivada se n\u00e3o houver recurso.\">admissibilidade<\/span> da proposta deve ser votada no in\u00edcio do pr\u00f3ximo m\u00eas na Comiss\u00e3o de Constitui\u00e7\u00e3o e Justi\u00e7a e seguir para a <span title=\"Comiss\u00e3o tempor\u00e1ria criada para analisar e votar proposta de emenda \u00e0 Constitui\u00e7\u00e3o (PEC), projeto de c\u00f3digo e propostas que envolvam mat\u00e9ria de compet\u00eancia de mais de quatro comiss\u00f5es de m\u00e9rito.\">comiss\u00e3o especial<\/span>.<\/p>\n<p>As propostas s\u00e3o: <a href=\"https:\/\/www.camara.leg.br\/noticias\/1136412-pec-preve-a-adocao-da-jornada-de-quatro-dias-de-trabalho-para-todos-os-trabalhadores-brasileiros\">PEC 8\/25<\/a>, da deputada Erika Hilton (Psol-SP); e <a href=\"https:\/\/www.camara.leg.br\/noticias\/632530-pec-reduz-jornada-semanal-de-trabalho-de-44-para-36-horas\">PEC 221\/19<\/a>, do deputado Reginaldo Lopes (PT-MG).<\/p>\n<p>Motta concedeu entrevista nesta quarta-feira (25) na Para\u00edba. Ele defendeu que o trabalhador tenha mais tempo de lazer, mais tempo para cuidar da sa\u00fade e mais tempo para a fam\u00edlia, sem perder a produtividade.<\/p>\n<p>\u201cPrecisamos ter sabedoria para ouvir o setor produtivo e quem emprega, para ter uma proposta que n\u00e3o represente um retrocesso para o pa\u00eds\u201d, disse o presidente.<\/p>\n<p><strong>Minerais<\/strong><\/p>\n<p>\n\t\t\t\tMotta tamb\u00e9m afirmou que deve entrar em vota\u00e7\u00e3o em breve a proposta que regulamenta a explora\u00e7\u00e3o das chamadas terras raras. Segundo o presidente, o relator do texto, deputado Arnaldo Jardim (Cidadania-SP), tem buscado dialogar com o governo e o setor produtivo para a cria\u00e7\u00e3o da Pol\u00edtica Nacional de Minerais Cr\u00edticos e Estrat\u00e9gicos.<\/p>\n<p>O Projeto de Lei 2780\/24 cria uma pol\u00edtica para fomentar a pesquisa, a lavra e a transforma\u00e7\u00e3o de minerais cr\u00edticos e estrat\u00e9gicos de maneira sustent\u00e1vel.<\/p>\n<p>Motta defendeu uma legisla\u00e7\u00e3o moderna na \u00e1rea, que garanta emprego e renda no pa\u00eds. \u201cQue seja uma legisla\u00e7\u00e3o abrangente, que permita que algumas empresas possam explorar esses minerais no Brasil, mas que aqui fiquem os dividendos, para que o Brasil possa exportar o produto com alto valor agregado\u201d, disse.<\/p>\n<p>Reportagem \u2013 Luiz Gustavo Xavier<\/p>\n<p>Edi\u00e7\u00e3o \u2013 Wilson Silveira<\/p>\n<\/div>\n<\/article>","protected":false},"excerpt":{"rendered":"<p>Trabalho, Previd\u00eancia e Assist\u00eancia Motta quer votar fim da escala de trabalho 6&#215;1 em maio no Plen\u00e1rio Presidente da C\u00e2mara&hellip;<\/p>\n","protected":false},"author":4,"featured_media":311016,"comment_status":"open","ping_status":"open","sticky":false,"template":"","format":"standard","meta":{"footnotes":""},"categories":[240],"tags":[],"class_list":["post-311015","post","type-post","status-publish","format-standard","has-post-thumbnail","hentry","category-camara-dos-deputados"],"_links":{"self":[{"href":"https:\/\/villanews.com.br\/index.php?rest_route=\/wp\/v2\/posts\/311015","targetHints":{"allow":["GET"]}}],"collection":[{"href":"https:\/\/villanews.com.br\/index.php?rest_route=\/wp\/v2\/posts"}],"about":[{"href":"https:\/\/villanews.com.br\/index.php?rest_route=\/wp\/v2\/types\/post"}],"author":[{"embeddable":true,"href":"https:\/\/villanews.com.br\/index.php?rest_route=\/wp\/v2\/users\/4"}],"replies":[{"embeddable":true,"href":"https:\/\/villanews.com.br\/index.php?rest_route=%2Fwp%2Fv2%2Fcomments&post=311015"}],"version-history":[{"count":0,"href":"https:\/\/villanews.com.br\/index.php?rest_route=\/wp\/v2\/posts\/311015\/revisions"}],"wp:featuredmedia":[{"embeddable":true,"href":"https:\/\/villanews.com.br\/index.php?rest_route=\/wp\/v2\/media\/311016"}],"wp:attachment":[{"href":"https:\/\/villanews.com.br\/index.php?rest_route=%2Fwp%2Fv2%2Fmedia&parent=311015"}],"wp:term":[{"taxonomy":"category","embeddable":true,"href":"https:\/\/villanews.com.br\/index.php?rest_route=%2Fwp%2Fv2%2Fcategories&post=311015"},{"taxonomy":"post_tag","embeddable":true,"href":"https:\/\/villanews.com.br\/index.php?rest_route=%2Fwp%2Fv2%2Ftags&post=311015"}],"curies":[{"name":"wp","href":"https:\/\/api.w.org\/{rel}","templated":true}]}}