{"id":311003,"date":"2026-03-25T17:45:33","date_gmt":"2026-03-25T21:45:33","guid":{"rendered":"https:\/\/villanews.com.br\/?p=311003"},"modified":"2026-03-25T17:45:33","modified_gmt":"2026-03-25T21:45:33","slug":"moro-no-pl-provoca-contra-ataque-articulado-por-grupo-de-ratinho-com-debandada-de-filiacoes-no-pr","status":"publish","type":"post","link":"https:\/\/villanews.com.br\/?p=311003","title":{"rendered":"Moro no PL provoca contra-ataque articulado por grupo de Ratinho com debandada de filia\u00e7\u00f5es no PR"},"content":{"rendered":"<div class=\"postLayout_post-content__gsXFz\"><img decoding=\"async\" src=\"https:\/\/media.gazetadopovo.com.br\/2026\/03\/25165249\/Sergio-Moro-com-Flavio-Bolsonaro-debandada-PL-Parana.jpg.webp\" \/><span>Sergio Moro e Fl\u00e1vio Bolsonaro em sess\u00e3o no Senado: entrada de Moro no PL desencadeou rea\u00e7\u00e3o de prefeitos no Paran\u00e1. (Foto: Carlos Moura\/Ag\u00eancia Senado)<\/span>\n<p>Ou\u00e7a este conte\u00fado<\/p>\n<p>Apura\u00e7\u00e3o em andamento<\/p>\n<div class=\"postBody_post-body-container__1KhtH\">\n<p>Prefeitos do Partido Liberal no Paran\u00e1 articulam uma sa\u00edda em massa da legenda ap\u00f3s a <a href=\"https:\/\/www.gazetadopovo.com.br\/eleicoes\/2026\/parana-2026\/sergio-moro-filiacao-partido-liberal-para-concorrer-governo-do-parana\/\">filia\u00e7\u00e3o do <strong>senador Sergio Moro<\/strong><\/a> e a indica\u00e7\u00e3o para disputar o governo do estado.<\/p>\n<p>Uma coletiva de imprensa est\u00e1 marcada para a manh\u00e3 desta quinta-feira (26), em Curitiba, quando os gestores devem anunciar oficialmente o movimento, as raz\u00f5es da sa\u00edda e o posicionamento pol\u00edtico para as elei\u00e7\u00f5es.<\/p>\n<p>De acordo com informa\u00e7\u00f5es preliminares, a debandada pode envolver dezenas de lideran\u00e7as municipais ligadas ao partido. H\u00e1 diverg\u00eancias, por\u00e9m, sobre o n\u00famero exato de envolvidos e se ser\u00e3o apenas prefeitos ou tamb\u00e9m vice-prefeitos e vereadores.<\/p>\n<p>Nos bastidores, o movimento \u00e9 tratado como um contra-ataque articulado por aliados do governador Ratinho Junior, ap\u00f3s a consolida\u00e7\u00e3o de Moro como nome do PL para a disputa estadual.<\/p>\n<p>Nesta ter\u00e7a-feira (24), o deputado federal <strong>Fernando Giacobo<\/strong> <a href=\"https:\/\/www.gazetadopovo.com.br\/eleicoes\/2026\/parana-2026\/giacobo-deixa-pl-pr-para-apoiar-ratinho-junior-e-filipe-barros-assume-a-presidencia-2\/\">deixou a presid\u00eancia e o PL no Paran\u00e1 para apoiar Ratinho Junior<\/a>. No an\u00fancio, Giacobo se dirigiu a prefeitos e convidou para o encontro nesta quinta-feira (26).<\/p>\n<p>Na mesma data, o <strong>deputado federal Filipe Barros<\/strong>, aliado de Moro, assumiu o comando estadual do partido.<\/p>\n<h2>Movimento de prefeitos exp\u00f5e racha no PL e pressiona estrat\u00e9gia de Sergio Moro no Paran\u00e1<\/h2>\n<p>Interlocutores do partido indicam que lideran\u00e7as da sigla no estado avaliam deixar a presid\u00eancia estadual e se desfiliar da legenda como parte do movimento de reorganiza\u00e7\u00e3o pol\u00edtica alinhado ao governo estadual.<\/p>\n<p>Nos bastidores, lideran\u00e7as envolvidas na articula\u00e7\u00e3o afirmam que a tend\u00eancia \u00e9 de uma sa\u00edda ampla e que &#8220;todos&#8221; os prefeitos da legenda no estado devem deixar a sigla. Relatos de bastidores, no entanto, indicam que os n\u00fameros seguem desencontrados e permanecem em apura\u00e7\u00e3o.<\/p>\n<p class=\"postParagraph_post-paragraph__juWZN postParagraph_post-paragraph-innerHtml__Q5vwc\">Entre os prefeitos, h\u00e1 sinais consistentes de ades\u00e3o ao movimento, ainda que com diferentes graus de confirma\u00e7\u00e3o p\u00fablica. O <strong>prefeito de Nova Esperan\u00e7a, Eduardo Pasquini<\/strong>, afirmou \u00e0 reportagem que &#8220;provavelmente sair\u00e1 do partido&#8221;, mas a confirma\u00e7\u00e3o deve ocorrer ap\u00f3s a reuni\u00e3o em Curitiba.<\/p>\n<p>J\u00e1 pessoas ligadas ao <strong>prefeito de Cascavel, Renato Silva<\/strong>, indicam que ele j\u00e1 se decidiu por deixar a sigla, destacando lealdade ao governador Ratinho Junior.<\/p>\n<p class=\"postParagraph_post-paragraph__juWZN postParagraph_post-paragraph-innerHtml__Q5vwc\">De acordo com informa\u00e7\u00f5es do site oficial do Partido Liberal, h\u00e1 <strong>52 prefeitos <\/strong>da sigla no Paran\u00e1, mas o n\u00famero de ades\u00f5es ao movimento deve ser confirmado apenas no encontro desta quinta-feira.<\/p>\n<h2>Sergio Moro reage a movimento e afirma que PL crescer\u00e1 no Paran\u00e1<\/h2>\n<p class=\"postParagraph_post-paragraph__juWZN postParagraph_post-paragraph-innerHtml__Q5vwc\">Procurado, o pr\u00e9-candidato <strong>Sergio Moro<\/strong> afirmou em nota que &#8220;a press\u00e3o da m\u00e1quina do governo \u00e9 previs\u00edvel e eventuais movimenta\u00e7\u00f5es nos quadros dos partidos s\u00e3o comuns no per\u00edodo de janela partid\u00e1ria&#8221;.<\/p>\n<p>O senador afirmou ainda que &#8220;no final do per\u00edodo eleitoral, o PL Paran\u00e1 estar\u00e1 maior e mais forte&#8221;.<\/p>\n<p class=\"postParagraph_post-paragraph__juWZN postParagraph_post-paragraph-innerHtml__Q5vwc\">A reportagem tentou contato com o <strong>deputado federal Filipe Barros<\/strong>, que assumiu nesta ter\u00e7a-feira (25) a presid\u00eancia estadual do partido, mas n\u00e3o obteve retorno at\u00e9 a publica\u00e7\u00e3o. O espa\u00e7o segue aberto para manifesta\u00e7\u00e3o.<\/p>\n<p>VEJA TAMB\u00c9M:<\/p>\n<\/div>\n<h2>Voc\u00ea pode se interessar<\/h2>\n<p>Encontrou algo errado na mat\u00e9ria?<\/p>\n<p>Comunique erros<\/p>\n<p>Use este espa\u00e7o apenas para a comunica\u00e7\u00e3o de erros<\/p>\n<\/div>","protected":false},"excerpt":{"rendered":"<p>Sergio Moro e Fl\u00e1vio Bolsonaro em sess\u00e3o no Senado: entrada de Moro no PL desencadeou rea\u00e7\u00e3o de prefeitos no Paran\u00e1.&hellip;<\/p>\n","protected":false},"author":4,"featured_media":311004,"comment_status":"open","ping_status":"open","sticky":false,"template":"","format":"standard","meta":{"footnotes":""},"categories":[204],"tags":[],"class_list":["post-311003","post","type-post","status-publish","format-standard","has-post-thumbnail","hentry","category-ultimas-noticias"],"_links":{"self":[{"href":"https:\/\/villanews.com.br\/index.php?rest_route=\/wp\/v2\/posts\/311003","targetHints":{"allow":["GET"]}}],"collection":[{"href":"https:\/\/villanews.com.br\/index.php?rest_route=\/wp\/v2\/posts"}],"about":[{"href":"https:\/\/villanews.com.br\/index.php?rest_route=\/wp\/v2\/types\/post"}],"author":[{"embeddable":true,"href":"https:\/\/villanews.com.br\/index.php?rest_route=\/wp\/v2\/users\/4"}],"replies":[{"embeddable":true,"href":"https:\/\/villanews.com.br\/index.php?rest_route=%2Fwp%2Fv2%2Fcomments&post=311003"}],"version-history":[{"count":0,"href":"https:\/\/villanews.com.br\/index.php?rest_route=\/wp\/v2\/posts\/311003\/revisions"}],"wp:featuredmedia":[{"embeddable":true,"href":"https:\/\/villanews.com.br\/index.php?rest_route=\/wp\/v2\/media\/311004"}],"wp:attachment":[{"href":"https:\/\/villanews.com.br\/index.php?rest_route=%2Fwp%2Fv2%2Fmedia&parent=311003"}],"wp:term":[{"taxonomy":"category","embeddable":true,"href":"https:\/\/villanews.com.br\/index.php?rest_route=%2Fwp%2Fv2%2Fcategories&post=311003"},{"taxonomy":"post_tag","embeddable":true,"href":"https:\/\/villanews.com.br\/index.php?rest_route=%2Fwp%2Fv2%2Ftags&post=311003"}],"curies":[{"name":"wp","href":"https:\/\/api.w.org\/{rel}","templated":true}]}}