{"id":310570,"date":"2026-03-25T12:10:13","date_gmt":"2026-03-25T16:10:13","guid":{"rendered":"https:\/\/villanews.com.br\/?p=310570"},"modified":"2026-03-25T12:10:13","modified_gmt":"2026-03-25T16:10:13","slug":"alonso-vira-pai-pela-primeira-vez-e-falta-a-compromisso-na-formula-1","status":"publish","type":"post","link":"https:\/\/villanews.com.br\/?p=310570","title":{"rendered":"Alonso vira pai pela primeira vez e falta a compromisso na F\u00f3rmula 1"},"content":{"rendered":"<div class=\"text-darkgray lg:w-2\/3\">\n<h2>Nascimento do filho com Melissa Jim\u00e9nez explica aus\u00eancia do piloto em evento no Jap\u00e3o. Equipe citou \u201cmotivos familiares\u201d, e confirma\u00e7\u00e3o veio depois. Jornalista j\u00e1 \u00e9 m\u00e3e de tr\u00eas filhos de relacionamento anterior.<\/h2>\n<p><img decoding=\"async\" src=\"https:\/\/media-manager.noticiasaominuto.com.br\/960\/naom_69c3c5fe1b528.webp\" \/><\/p>\n<p><img \/><\/p>\n<p><img decoding=\"async\" src=\"https:\/\/noticiasaominutobr-img.com\/icons\/arrow.svg\" \/><br \/>\n<img decoding=\"async\" src=\"https:\/\/noticiasaominutobr-img.com\/icons\/arrow.svg\" \/><\/p>\n<p><img decoding=\"async\" src=\"https:\/\/noticiasaominutobr-img.com\/icons\/gallery_image_dark.svg\" \/><\/p>\n<p>\n                    8 Fotos\n                <\/p>\n<p><a href=\"https:\/\/www.noticiasaominuto.com.br\/\"><br \/>\n<img decoding=\"async\" src=\"https:\/\/noticiasaominutobr-img.com\/logos\/logonoticias.svg\" \/><br \/>\n<\/a><\/p>\n<p><img \/><\/p>\n<p><img decoding=\"async\" src=\"https:\/\/noticiasaominutobr-img.com\/icons\/gallery_image.svg\" \/><\/p>\n<p>\u00a9 Song Haiyuan\/MB Media\/Getty Images<\/p>\n<p><img decoding=\"async\" src=\"https:\/\/noticiasaominutobr-img.com\/team\/naom.png\" \/><\/p>\n<p><span><br \/>\n                    25\/03\/2026 13:10 \u2027<br \/>\n                    h\u00e1 1 hora<br \/>\n                    por Not\u00edcias ao Minuto<br \/>\n                <\/span><\/p>\n<p>\n                        Esporte\n                    <\/p>\n<p>\n                                                    Fernando Alonso\n                                            <\/p>\n<div class=\"article-content mb-24 font-slab text-paragraph font-light\">\n<p><span>F<\/span>ernando Alonso e Melissa Jim\u00e9nez celebraram o nascimento do primeiro filho do casal. O beb\u00ea \u00e9 o primeiro do piloto de F\u00f3rmula 1, de 44 anos, e o quarto da jornalista espanhola, de 38.<\/p>\n<p>                                                        \u00a0<\/p>\n<p>A suspeita de que o nascimento estava pr\u00f3ximo surgiu ap\u00f3s a equipe Aston Martin anunciar que Alonso chegaria mais tarde a Suzuka, onde acontece o Grande Pr\u00eamio do Jap\u00e3o de 2026, marcado para o dia 29 de mar\u00e7o.<\/p>\n<p>O piloto tamb\u00e9m n\u00e3o participou da coletiva de imprensa do evento. Na ocasi\u00e3o, a equipe informou que a aus\u00eancia era por \u201cmotivos familiares pessoais\u201d.<\/p>\n<p>Em comunicado, a Aston Martin garantiu que \u201cest\u00e1 tudo bem\u201d com Alonso e que ele estaria presente no circuito a tempo dos treinos livres de sexta-feira.<\/p>\n<p>O nascimento foi confirmado posteriormente pela BBC Sport, esclarecendo os motivos da aus\u00eancia do piloto.<\/p>\n<p>A gravidez havia sido confirmada em dezembro do ano passado, ap\u00f3s semanas de especula\u00e7\u00e3o. Os rumores come\u00e7aram quando Melissa deixou de aparecer nas corridas de F\u00f3rmula 1, onde costumava marcar presen\u00e7a por conta da sua atua\u00e7\u00e3o como jornalista esportiva.<\/p>\n<p>\u201cEles est\u00e3o muito felizes\u201d, afirmou uma fonte pr\u00f3xima ao casal \u00e0 revista espanhola Hola! na \u00e9poca.<\/p>\n<p><span>Relacionamentos anteriores<\/span><\/p>\n<p>Fernando Alonso foi casado entre 2006 e 2011 com a cantora Raquel del Rosario, vocalista da banda El Sue\u00f1o de Morfeo. Anos depois, teve um relacionamento com a apresentadora Lara \u00c1lvarez, que chegou ao fim em 2016.<\/p>\n<p>Antes de iniciar o romance com Melissa, o piloto manteve um relacionamento de cinco anos com a modelo italiana Linda Morselli.<\/p>\n<p>J\u00e1 Melissa Jim\u00e9nez \u00e9 m\u00e3e de tr\u00eas filhos, Gala, Abril e Max, do relacionamento com o jogador espanhol Marc Bartra. O casal se separou em 2022. Depois disso, a jornalista tamb\u00e9m teve um breve relacionamento com o humorista Dani Mart\u00ednez.<\/p>\n<p><img decoding=\"async\" src=\"https:\/\/media-manager.noticiasaominuto.com\/640\/naom_69c3c08c8d9af.jpg\" \/><\/p>\n<h2><a href=\"https:\/\/www.noticiasaominuto.com.br\/fama\/2369582\/nao-vao-fazer-parte-da-minha-vida-afirma-jonas-sobre-affairs-no-programa\"> N\u00e3o v\u00e3o fazer parte da minha vida&#8217;, afirma Jonas sobre affairs no programa <\/a><\/h2>\n<p>Durante a entrevista, o brother se divertiu ao ver que, nas tr\u00eas situa\u00e7\u00f5es, as mulheres morderam seu bei\u00e7o e reiterou que n\u00e3o pensa em ter um relacionamento com nenhuma delas fora da casa<\/p>\n<p><small> Folhapress | 09:10 &#8211; 25\/03\/2026 <\/small><\/p>\n<\/div>\n<p>\n            Partilhe a not\u00edcia\n        <\/p>\n<\/div>","protected":false},"excerpt":{"rendered":"<p>Nascimento do filho com Melissa Jim\u00e9nez explica aus\u00eancia do piloto em evento no Jap\u00e3o. Equipe citou \u201cmotivos familiares\u201d, e confirma\u00e7\u00e3o&hellip;<\/p>\n","protected":false},"author":4,"featured_media":310571,"comment_status":"open","ping_status":"open","sticky":false,"template":"","format":"standard","meta":{"footnotes":""},"categories":[6],"tags":[],"class_list":["post-310570","post","type-post","status-publish","format-standard","has-post-thumbnail","hentry","category-esportes"],"_links":{"self":[{"href":"https:\/\/villanews.com.br\/index.php?rest_route=\/wp\/v2\/posts\/310570","targetHints":{"allow":["GET"]}}],"collection":[{"href":"https:\/\/villanews.com.br\/index.php?rest_route=\/wp\/v2\/posts"}],"about":[{"href":"https:\/\/villanews.com.br\/index.php?rest_route=\/wp\/v2\/types\/post"}],"author":[{"embeddable":true,"href":"https:\/\/villanews.com.br\/index.php?rest_route=\/wp\/v2\/users\/4"}],"replies":[{"embeddable":true,"href":"https:\/\/villanews.com.br\/index.php?rest_route=%2Fwp%2Fv2%2Fcomments&post=310570"}],"version-history":[{"count":0,"href":"https:\/\/villanews.com.br\/index.php?rest_route=\/wp\/v2\/posts\/310570\/revisions"}],"wp:featuredmedia":[{"embeddable":true,"href":"https:\/\/villanews.com.br\/index.php?rest_route=\/wp\/v2\/media\/310571"}],"wp:attachment":[{"href":"https:\/\/villanews.com.br\/index.php?rest_route=%2Fwp%2Fv2%2Fmedia&parent=310570"}],"wp:term":[{"taxonomy":"category","embeddable":true,"href":"https:\/\/villanews.com.br\/index.php?rest_route=%2Fwp%2Fv2%2Fcategories&post=310570"},{"taxonomy":"post_tag","embeddable":true,"href":"https:\/\/villanews.com.br\/index.php?rest_route=%2Fwp%2Fv2%2Ftags&post=310570"}],"curies":[{"name":"wp","href":"https:\/\/api.w.org\/{rel}","templated":true}]}}