{"id":310459,"date":"2026-03-25T12:54:36","date_gmt":"2026-03-25T16:54:36","guid":{"rendered":"https:\/\/villanews.com.br\/?p=310459"},"modified":"2026-03-25T12:54:36","modified_gmt":"2026-03-25T16:54:36","slug":"por-que-flavio-bolsonaro-votou-a-favor-do-pl-da-misoginia","status":"publish","type":"post","link":"https:\/\/villanews.com.br\/?p=310459","title":{"rendered":"Por que Fl\u00e1vio Bolsonaro votou a favor do PL da Misoginia?"},"content":{"rendered":"<div class=\"postLayout_post-content__gsXFz\"><img decoding=\"async\" src=\"https:\/\/media.gazetadopovo.com.br\/2026\/03\/25133743\/FLAVIO-BOLSONARO-PL-DA-MISOGINIA.jpg.webp\" \/><span>Desculpe pela cobran\u00e7a, senador Fl\u00e1vio Bolsonaro. Mas \u00e9 o meu trabalho. (Foto: Carlos Moura\/Ag\u00eancia Senado)<\/span>\n<p>Ou\u00e7a este conte\u00fado<\/p>\n<div class=\"postBody_post-body-container__1KhtH\">\n<p>Fl\u00e1vio Bolsonaro foi um dos senadores que <a href=\"https:\/\/www.gazetadopovo.com.br\/vida-e-cidadania\/senado-aprova-projeto-que-equipara-misoginia-ao-racismo-veja-como-cada-senador-votou\/\">aprovou<\/a> o chamado PL da Misoginia, uma excresc\u00eancia legislativa&#8230; Ops. Desculpe. \u201cLei\u201d \u00e9 substantivo feminino, ent\u00e3o chamar de \u201cexcresc\u00eancia\u201d talvez seja crime, n\u00e3o sei. Estou confuso. E por isso mesmo escrevo este texto: para dizer que o pr\u00e9-candidato da direita e dos conservadores talvez possa nos explicar umas coisinhas.<\/p>\n<p><strong><a href=\"https:\/\/sndflw.com\/i\/BGCLFclD6FuMggrDeeYS\">ENTRE PARA A MINHA COMUNIDADE NO WHATSAPP!<\/a><\/strong><\/p>\n<p>Tipo assim. Se eu reclamar que a minha mulher ronca, estarei sendo mis\u00f3gino e posso ser preso sem direito a fian\u00e7a? Ou ent\u00e3o: digamos que a minha mulher esteja h\u00e1 horas falando sobre uma bolsa linda que ela viu na vitrine. Posso interromp\u00ea-la brevemente para ir ao banheiro ou \u00e9 cana na certa? E mais esta: posso dizer que n\u00e3o gostei do livro de uma escritora ou tenho que elogi\u00e1-lo? E uma prefeita ou senadora ou ministra do STF? Posso cobr\u00e1-la ou tenho que ficar quietinho no meu canto de macho opressor?<\/p>\n<h2>Viver, crime inafian\u00e7\u00e1vel<\/h2>\n<p class=\"postParagraph_post-paragraph__juWZN postParagraph_post-paragraph-innerHtml__Q5vwc\">E aten\u00e7\u00e3o! Porque agora vou escrever uma obviedade infelizmente necess\u00e1ria aos leitores burros (mas nunca, jamais, em hip\u00f3tese alguma <em>burras<\/em>): claro que n\u00e3o sou a favor da misoginia. Ali\u00e1s, s\u00f3 n\u00e3o vou falar aqui que adoro as mulheres em geral porque sen\u00e3o apanho em casa. E claro que a avers\u00e3o \u00e0s mulheres existe e gera viol\u00eancia.<\/p>\n<p class=\"postParagraph_post-paragraph__juWZN postParagraph_post-paragraph-innerHtml__Q5vwc\">Mas n\u00e3o \u00e9 uma lei oportunista que resolver\u00e1 o problema. Ali\u00e1s, essa lei que est\u00e1 a\u00ed n\u00e3o faz a menor diferen\u00e7a na vida das mulheres que s\u00e3o v\u00edtimas de viol\u00eancia real. Em compensa\u00e7\u00e3o, piorar\u00e1, e muito, a rela\u00e7\u00e3o entre os sexos que, n\u00e3o \u00e9 por nada, n\u00e3o, mas v\u00eam se dando razoavelmente bem h\u00e1 mil\u00eanios. Eu disse <em>razoavelmente.<\/em> Tanto que eu e voc\u00ea estamos aqui.<\/p>\n<p>A equipara\u00e7\u00e3o da misoginia ao racismo (ao racismo!) criminalizar\u00e1 um conflito que n\u00e3o sei nem se posso chamar de conflito e que \u00e9 natural, simplesmente porque homens e mulheres s\u00e3o diferentes. N\u00e3o que um seja melhor do que o outro. Mas s\u00e3o diferentes e \u00e9 dessa diferen\u00e7a que se origina a vida. N\u00e3o s\u00f3 a vida biol\u00f3gica, na forma de um beb\u00ea, mas tamb\u00e9m a vida no sentido mais amplo do termo. Ningu\u00e9m cria nada sem conflito, sem discord\u00e2ncias, sem erros, sem aprendizado, sem riso e sem l\u00e1grimas.<\/p>\n<h2>PL da Misandria<\/h2>\n<p>A\u00ed \u00e9 que est\u00e1. Me parece que, por uma hipersensibilidade muito pr\u00f3pria da nossa \u00e9poca, o movimento identit\u00e1rio est\u00e1 tentando criminalizar o erro, a discord\u00e2ncia e o conflito, colocados num mesmo balaio de \u00f3dio. N\u00e3o \u00e9 \u00f3dio, gente. N\u00e3o \u00e9. Simplesmente n\u00e3o \u00e9. O movimento identit\u00e1rio est\u00e1 tentando criar uma sociedade sem traumas e sem sofrimento. Uma sociedade ideologicamente anestesiada. Assim n\u00e3o pode. Assim n\u00e3o d\u00e1.<\/p>\n<p class=\"postParagraph_post-paragraph__juWZN postParagraph_post-paragraph-innerHtml__Q5vwc\">Qual a chance de isso dar certo? O mais prov\u00e1vel, ali\u00e1s, \u00e9 que o PL da Misoginia reforce os argumentos de quem acredita estar vivendo sob a ginecoditadura. Isto \u00e9, os <em>redpillados<\/em> que o projeto de lei diz combater. E digo mais: se a rela\u00e7\u00e3o naturalmente conflitante entre homem e mulher fosse mesmo \u00f3dio, neste caso o PL deveria ser da misandria, e n\u00e3o da misoginia, porque quer, num primeiro momento, educar \u00e0 for\u00e7a e, se n\u00e3o der para ensin\u00e1-lo a mijar sentado, pretende destruir e anular o homem.<\/p>\n<h2>Fui<\/h2>\n<p>De volta ao pr\u00e9-candidato Fl\u00e1vio Bolsonaro, s\u00e3o 13h37 e ainda n\u00e3o vi nenhuma explica\u00e7\u00e3o dele para ter votado a favor de um projeto de lei que criminaliza a \u201cavers\u00e3o \u00e0s mulheres\u201d. O que quer que isso signifique e pode ter certeza de que \u201cavers\u00e3o\u201d significar\u00e1 exatamente o que o juiz e a mulher insultada, ofendida ou magoada quiserem contra o r\u00e9u. E se o r\u00e9u tiver umas ideias direitosas, tanto pior.<\/p>\n<p>Mas n\u00e3o se preocupe, porque a tropa de choque j\u00e1 mandou avisar que n\u00e3o se pode cobrar explica\u00e7\u00f5es do senador, ainda mais agora que Fl\u00e1vio Bolsonaro est\u00e1 subindo nas pesquisas. Sen\u00e3o o PT vai continuar no poder. Ent\u00e3o t\u00e1. N\u00e3o t\u00e1 mais aqui quem falou. O qu\u00ea? J\u00e1 vai, amor! Um minutinho. T\u00f4 terminando o texto de hoje e j\u00e1 vou a\u00ed massagear os seus p\u00e9s. N\u00e3o, n\u00e3o, n\u00e3o chama a pol\u00edcia ainda, meu amor. T\u00f4 indo. Fui.<\/p>\n<p>VEJA TAMB\u00c9M:<\/p>\n<\/div>\n<h2>Voc\u00ea pode se interessar<\/h2>\n<p>Encontrou algo errado na mat\u00e9ria?<\/p>\n<p>Comunique erros<\/p>\n<p>Use este espa\u00e7o apenas para a comunica\u00e7\u00e3o de erros<\/p>\n<\/div>","protected":false},"excerpt":{"rendered":"<p>Desculpe pela cobran\u00e7a, senador Fl\u00e1vio Bolsonaro. Mas \u00e9 o meu trabalho. (Foto: Carlos Moura\/Ag\u00eancia Senado) Ou\u00e7a este conte\u00fado Fl\u00e1vio Bolsonaro&hellip;<\/p>\n","protected":false},"author":4,"featured_media":310460,"comment_status":"open","ping_status":"open","sticky":false,"template":"","format":"standard","meta":{"footnotes":""},"categories":[204],"tags":[],"class_list":["post-310459","post","type-post","status-publish","format-standard","has-post-thumbnail","hentry","category-ultimas-noticias"],"_links":{"self":[{"href":"https:\/\/villanews.com.br\/index.php?rest_route=\/wp\/v2\/posts\/310459","targetHints":{"allow":["GET"]}}],"collection":[{"href":"https:\/\/villanews.com.br\/index.php?rest_route=\/wp\/v2\/posts"}],"about":[{"href":"https:\/\/villanews.com.br\/index.php?rest_route=\/wp\/v2\/types\/post"}],"author":[{"embeddable":true,"href":"https:\/\/villanews.com.br\/index.php?rest_route=\/wp\/v2\/users\/4"}],"replies":[{"embeddable":true,"href":"https:\/\/villanews.com.br\/index.php?rest_route=%2Fwp%2Fv2%2Fcomments&post=310459"}],"version-history":[{"count":0,"href":"https:\/\/villanews.com.br\/index.php?rest_route=\/wp\/v2\/posts\/310459\/revisions"}],"wp:featuredmedia":[{"embeddable":true,"href":"https:\/\/villanews.com.br\/index.php?rest_route=\/wp\/v2\/media\/310460"}],"wp:attachment":[{"href":"https:\/\/villanews.com.br\/index.php?rest_route=%2Fwp%2Fv2%2Fmedia&parent=310459"}],"wp:term":[{"taxonomy":"category","embeddable":true,"href":"https:\/\/villanews.com.br\/index.php?rest_route=%2Fwp%2Fv2%2Fcategories&post=310459"},{"taxonomy":"post_tag","embeddable":true,"href":"https:\/\/villanews.com.br\/index.php?rest_route=%2Fwp%2Fv2%2Ftags&post=310459"}],"curies":[{"name":"wp","href":"https:\/\/api.w.org\/{rel}","templated":true}]}}