{"id":310410,"date":"2026-03-25T12:46:00","date_gmt":"2026-03-25T16:46:00","guid":{"rendered":"https:\/\/villanews.com.br\/?p=310410"},"modified":"2026-03-25T12:46:00","modified_gmt":"2026-03-25T16:46:00","slug":"comissao-aprova-projeto-que-preve-prestacao-de-servicos-a-comunidade-em-abrigos-de-animais","status":"publish","type":"post","link":"https:\/\/villanews.com.br\/?p=310410","title":{"rendered":"Comiss\u00e3o aprova projeto que prev\u00ea presta\u00e7\u00e3o de servi\u00e7os \u00e0 comunidade em abrigos de animais"},"content":{"rendered":"<article class=\"g-artigo artigo--noticia\">\n<span>Direito e Justi\u00e7a<\/span>\n<h1>Comiss\u00e3o aprova projeto que prev\u00ea presta\u00e7\u00e3o de servi\u00e7os \u00e0 comunidade em abrigos de animais<\/h1>\n<p>O texto dever\u00e1 seguir para an\u00e1lise do Senado, a menos que haja recurso para vota\u00e7\u00e3o do Plen\u00e1rio da C\u00e2mara<\/p>\n<div>\n<p>\n\t\t\t\t\t\t\t\t\t\t\t25\/03\/2026 &#8211; 13:46 \u00a0\n\t\t\t\t\t\t\t\t\t\t<\/p>\n<p><em>Vinicius Loures\/C\u00e2mara dos Deputados<\/em><br \/>\n<img decoding=\"async\" src=\"https:\/\/www.camara.leg.br\/midias\/image\/2026\/03\/img20260303211231615-768x473.jpg\" \/><\/p>\n<div>Julia Zanatta recomendou a aprova\u00e7\u00e3o da proposta<\/div>\n<p>A Comiss\u00e3o de Constitui\u00e7\u00e3o e Justi\u00e7a e de Cidadania (CCJ) da C\u00e2mara dos Deputados aprovou o <a href=\"https:\/\/www.camara.leg.br\/noticias\/563976-projeto-permite-que-prestacao-de-servico-a-comunidade-seja-feita-em-abrigo-de-protecao-animal\">Projeto de Lei 3630\/19<\/a>, que inclui abrigos de prote\u00e7\u00e3o animal entre os locais onde poder\u00e1 ser cumprida a pena de presta\u00e7\u00e3o de servi\u00e7os \u00e0 comunidade.\u00a0O texto altera o <a href=\"https:\/\/www2.camara.gov.br\/legin\/fed\/declei\/1940-1949\/decreto-lei-2848-7-dezembro-1940-412868-norma-pe.html\">C\u00f3digo Penal<\/a>.<\/p>\n<p>Hoje, a pena pode ser cumprida em entidades assistenciais, hospitais, escolas, orfanatos e estabelecimentos similares, em programas comunit\u00e1rios ou governamentais.<\/p>\n<p>Como foi analisada em <span title=\"Rito de tramita\u00e7\u00e3o pelo qual o projeto \u00e9 votado apenas pelas comiss\u00f5es designadas para analis\u00e1-lo, dispensada a delibera\u00e7\u00e3o do Plen\u00e1rio. O projeto perde o car\u00e1ter conclusivo se houver decis\u00e3o divergente entre as comiss\u00f5es ou se, independentemente de ser aprovado ou rejeitado, houver recurso assinado por 52 deputados para a aprecia\u00e7\u00e3o da mat\u00e9ria no Plen\u00e1rio.\">car\u00e1ter conclusivo<\/span>, a proposta dever\u00e1 seguir para o Senado, salvo se houver recurso para an\u00e1lise no Plen\u00e1rio da C\u00e2mara. Para virar lei, a vers\u00e3o final do texto precisa ser aprovada pelas duas Casas.<\/p>\n<p><strong>Benef\u00edcios<\/strong><\/p>\n<p>\n\t\t\t\tA relatora, deputada Julia Zanatta (PL-SC), recomendou a aprova\u00e7\u00e3o da proposta, apresentada pelo deputado C\u00e9lio Studart (PSD-CE). A deputada fez ajustes na reda\u00e7\u00e3o sem mudar o conte\u00fado da medida.<\/p>\n<p>\u201cA presta\u00e7\u00e3o de servi\u00e7os \u00e0 comunidade gera benef\u00edcios n\u00e3o s\u00f3 ao condenado, j\u00e1 que tem por finalidade reeduc\u00e1-lo, mas, principalmente, \u00e0 sociedade, que ser\u00e1 favorecida com a consecu\u00e7\u00e3o dessas tarefas gratuitas\u201d, afirmou a relatora.<\/p>\n<p>\u201cContudo, o C\u00f3digo Penal, ao especificar os lugares onde a san\u00e7\u00e3o poder\u00e1 ser cumprida, n\u00e3o atentou para o grave problema social envolvendo o abandono de animais\u201d, argumentou Julia Zanatta ao defender as mudan\u00e7as na legisla\u00e7\u00e3o.<\/p>\n<ul>\n<li><a href=\"https:\/\/www.camara.leg.br\/noticias\/573454-SAIBA-MAIS-SOBRE-A-TRAMITACAO-DE-PROJETOS-DE-LEI\">Saiba mais sobre a tramita\u00e7\u00e3o de projetos de lei<\/a><\/li>\n<\/ul>\n<p>Da Reportagem\/RM<\/p>\n<p>Edi\u00e7\u00e3o \u2013 Marcia Becker<\/p>\n<\/div>\n<\/article>","protected":false},"excerpt":{"rendered":"<p>Direito e Justi\u00e7a Comiss\u00e3o aprova projeto que prev\u00ea presta\u00e7\u00e3o de servi\u00e7os \u00e0 comunidade em abrigos de animais O texto dever\u00e1&hellip;<\/p>\n","protected":false},"author":4,"featured_media":310411,"comment_status":"open","ping_status":"open","sticky":false,"template":"","format":"standard","meta":{"footnotes":""},"categories":[240],"tags":[],"class_list":["post-310410","post","type-post","status-publish","format-standard","has-post-thumbnail","hentry","category-camara-dos-deputados"],"_links":{"self":[{"href":"https:\/\/villanews.com.br\/index.php?rest_route=\/wp\/v2\/posts\/310410","targetHints":{"allow":["GET"]}}],"collection":[{"href":"https:\/\/villanews.com.br\/index.php?rest_route=\/wp\/v2\/posts"}],"about":[{"href":"https:\/\/villanews.com.br\/index.php?rest_route=\/wp\/v2\/types\/post"}],"author":[{"embeddable":true,"href":"https:\/\/villanews.com.br\/index.php?rest_route=\/wp\/v2\/users\/4"}],"replies":[{"embeddable":true,"href":"https:\/\/villanews.com.br\/index.php?rest_route=%2Fwp%2Fv2%2Fcomments&post=310410"}],"version-history":[{"count":0,"href":"https:\/\/villanews.com.br\/index.php?rest_route=\/wp\/v2\/posts\/310410\/revisions"}],"wp:featuredmedia":[{"embeddable":true,"href":"https:\/\/villanews.com.br\/index.php?rest_route=\/wp\/v2\/media\/310411"}],"wp:attachment":[{"href":"https:\/\/villanews.com.br\/index.php?rest_route=%2Fwp%2Fv2%2Fmedia&parent=310410"}],"wp:term":[{"taxonomy":"category","embeddable":true,"href":"https:\/\/villanews.com.br\/index.php?rest_route=%2Fwp%2Fv2%2Fcategories&post=310410"},{"taxonomy":"post_tag","embeddable":true,"href":"https:\/\/villanews.com.br\/index.php?rest_route=%2Fwp%2Fv2%2Ftags&post=310410"}],"curies":[{"name":"wp","href":"https:\/\/api.w.org\/{rel}","templated":true}]}}