{"id":310398,"date":"2026-03-25T12:39:02","date_gmt":"2026-03-25T16:39:02","guid":{"rendered":"https:\/\/villanews.com.br\/?p=310398"},"modified":"2026-03-25T12:39:02","modified_gmt":"2026-03-25T16:39:02","slug":"ligacao-de-vorcaro-pode-ser-xeque-mate-do-stf-diz-professor-da-fgv","status":"publish","type":"post","link":"https:\/\/villanews.com.br\/?p=310398","title":{"rendered":"Liga\u00e7\u00e3o de Vorcaro pode ser \u201cxeque-mate\u201d do STF, diz professor da FGV"},"content":{"rendered":"<div class=\"postBody_post-body-container__1KhtH\">\n<p>No <a href=\"https:\/\/www.youtube.com\/watch?v=IFU9b-jMyyc&amp;t=1190s\">programa \u00daltima An\u00e1lise desta ter\u00e7a-feira (24)<\/a>, os convidados falaram a respeito das d\u00fabias atitudes do ministro do Supremo Tribunal Federal (STF), Alexandre de Moraes. Se, por um lado, agraciou o <a href=\"https:\/\/www.gazetadopovo.com.br\/republica\/moraes-converte-prisao-bolsonaro-domiciliar-parecer-pgr\/\">ex-presidente Jair Bolsonaro com pris\u00e3o domiciliar<\/a> tempor\u00e1ria, permanece em sil\u00eancio sobre o caso Banco Master e a misteriosa liga\u00e7\u00e3o do dono da institui\u00e7\u00e3o, Daniel Vorcaro, no dia da sua pris\u00e3o.<\/p>\n<p>O professor da FGV Daniel Vargas \u00e9 c\u00e9tico em rela\u00e7\u00e3o a concess\u00e3o de pris\u00e3o domiciliar, pois acredita que se trata t\u00e3o somente de uma forma de controle. &#8220;Bolsonaro \u00e9 uma esp\u00e9cie de pr\u00eamio. \u00c9 quase como se fosse uma marca ou um cart\u00e3o de visitas que o ministro tem e carrega o tempo todo&#8221;, ele explica.<\/p>\n<p>A an\u00e1lise de mensagens extra\u00eddas do celular de Daniel Vorcaro levou o presidente da CPMI do INSS, senador Carlos Viana (Podemos -MG) a cobrar que o STF esclare\u00e7a quem utilizava um n\u00famero funcional da Corte.<\/p>\n<p>&#8220;Se for informado o n\u00famero de telefone, \u00e9 &#8216;xeque-mate&#8217;, pois comprovaria que havia um tratamento direto de Vorcaro com Moraes. Eles preferem cultivar o sil\u00eancio, mas isso dep\u00f5e contra a pr\u00f3pria credibilidade da Corte&#8221;, explica Vargas.<\/p>\n<h2>Alcolumbre em conversas comprometedoras<\/h2>\n<p>Segundo reportagem do portal <em>Metr\u00f3poles<\/em>, conversas do presidente do Senado, Davi Alcolumbre (Uni\u00e3o-AP), revelaram uma suposta articula\u00e7\u00e3o para atacar um advers\u00e1rio pol\u00edtico, em conluio com o prefeito interino de Macap\u00e1, Pedro DaLua (Uni\u00e3o-AP) e um desembargador do Estado. No di\u00e1logo, Alcolumbre deixa claro que intermediou o encontro com o magistrado, a quem chama de \u201cmeu irm\u00e3o&#8221;.<\/p>\n<p>&#8220;Esta \u00e9 a realidade em que vivemos. H\u00e1 uma percep\u00e7\u00e3o, que vem de cima, e repercute na base. Normalizaram-se condutas question\u00e1veis e vemos assim um &#8216;arrumadinho pol\u00edtico&#8217; no caso de Alcolumbre&#8221;, explica o ex-juiz de Direito Adriano Soares da Costa, que tamb\u00e9m participou do programa.<\/p>\n<h2>Elei\u00e7\u00f5es de 2026: o papel do Senado<\/h2>\n<p>Para al\u00e9m da elei\u00e7\u00e3o para o Executivo, as elei\u00e7\u00f5es para o Senado Federal despontam como de suma import\u00e2ncia para o futuro pol\u00edtico do pa\u00eds. O pleito decidir\u00e1 2\/3 das cadeiras da Casa e se apresenta como uma possibilidade real de reequilibrar os poderes da Rep\u00fablica.<\/p>\n<p>Para o ex-ministro da Agricultura, Ant\u00f4nio Cabrera Mano Filho, \u00e9 o momento da popula\u00e7\u00e3o entender exatamente o contexto, e lembrar do exemplo americano. &#8220;Nos EUA, os eleitores d\u00e3o muita import\u00e2ncia a elei\u00e7\u00e3o de senador, j\u00e1 aqui passa batido. O in\u00edcio de um contrapeso ao Judici\u00e1rio come\u00e7a no Legislativo&#8221;, ele avalia.<\/p>\n<p>O programa <a href=\"https:\/\/www.youtube.com\/watch?v=itgz5tfaWlg&amp;t=3245s\">\u00daltima An\u00e1lise<\/a> faz parte do conte\u00fado jornal\u00edstico ao vivo da Gazeta do Povo, no YouTube. O hor\u00e1rio de exibi\u00e7\u00e3o \u00e9 das 19h \u00e0s 20h30, de segunda a sexta-feira. A proposta \u00e9 discutir de forma racional, aprofundada e respeitosa alguns dos temas desafiadores para os rumos do pa\u00eds<\/p>\n<\/div>","protected":false},"excerpt":{"rendered":"<p>No programa \u00daltima An\u00e1lise desta ter\u00e7a-feira (24), os convidados falaram a respeito das d\u00fabias atitudes do ministro do Supremo Tribunal&hellip;<\/p>\n","protected":false},"author":4,"featured_media":310399,"comment_status":"open","ping_status":"open","sticky":false,"template":"","format":"standard","meta":{"footnotes":""},"categories":[204],"tags":[],"class_list":["post-310398","post","type-post","status-publish","format-standard","has-post-thumbnail","hentry","category-ultimas-noticias"],"_links":{"self":[{"href":"https:\/\/villanews.com.br\/index.php?rest_route=\/wp\/v2\/posts\/310398","targetHints":{"allow":["GET"]}}],"collection":[{"href":"https:\/\/villanews.com.br\/index.php?rest_route=\/wp\/v2\/posts"}],"about":[{"href":"https:\/\/villanews.com.br\/index.php?rest_route=\/wp\/v2\/types\/post"}],"author":[{"embeddable":true,"href":"https:\/\/villanews.com.br\/index.php?rest_route=\/wp\/v2\/users\/4"}],"replies":[{"embeddable":true,"href":"https:\/\/villanews.com.br\/index.php?rest_route=%2Fwp%2Fv2%2Fcomments&post=310398"}],"version-history":[{"count":0,"href":"https:\/\/villanews.com.br\/index.php?rest_route=\/wp\/v2\/posts\/310398\/revisions"}],"wp:featuredmedia":[{"embeddable":true,"href":"https:\/\/villanews.com.br\/index.php?rest_route=\/wp\/v2\/media\/310399"}],"wp:attachment":[{"href":"https:\/\/villanews.com.br\/index.php?rest_route=%2Fwp%2Fv2%2Fmedia&parent=310398"}],"wp:term":[{"taxonomy":"category","embeddable":true,"href":"https:\/\/villanews.com.br\/index.php?rest_route=%2Fwp%2Fv2%2Fcategories&post=310398"},{"taxonomy":"post_tag","embeddable":true,"href":"https:\/\/villanews.com.br\/index.php?rest_route=%2Fwp%2Fv2%2Ftags&post=310398"}],"curies":[{"name":"wp","href":"https:\/\/api.w.org\/{rel}","templated":true}]}}