{"id":310371,"date":"2026-03-25T12:27:56","date_gmt":"2026-03-25T16:27:56","guid":{"rendered":"https:\/\/villanews.com.br\/?p=310371"},"modified":"2026-03-25T12:27:56","modified_gmt":"2026-03-25T16:27:56","slug":"europa-investiga-autoria-do-ira-em-mais-de-10-ataques-antissemitas-desde-o-inicio-da-guerra","status":"publish","type":"post","link":"https:\/\/villanews.com.br\/?p=310371","title":{"rendered":"Europa investiga autoria do Ir\u00e3 em mais de 10 ataques antissemitas desde o in\u00edcio da guerra"},"content":{"rendered":"<div class=\"postBody_post-body-container__1KhtH\">\n<p>Autoridades europeias informaram nesta quarta-feira (25) que investigam o envolvimento do Ir\u00e3 em uma s\u00e9rie de ataques terroristas no continente desde o in\u00edcio da guerra contra os EUA e Israel. Ao todo, quase uma d\u00fazia de casos s\u00e3o apurados em diferente pa\u00edses.<\/p>\n<p>As fontes, que falaram sob condi\u00e7\u00e3o de anonimato ao jornal <em>The Wall Street Journal,<\/em> revelaram que agentes iranianos estariam recrutaram indiv\u00edduos pela internet para realizar ataques contra escolas judaicas, sinagogas e empresas ligadas a Israel. Eles teriam, inclusive, criado um grupo falso chamado <em>Movimento Isl\u00e2mico dos Companheiros Justos<\/em> para reivindicar a responsabilidade pelas a\u00e7\u00f5es e dificultar a conex\u00e3o com o Ir\u00e3.<\/p>\n<p>As autoridades de intelig\u00eancia europeias afirmam que o grupo n\u00e3o estava em seus radares antes deste m\u00eas.<\/p>\n<p>Nesta quarta-feira, a pol\u00edcia brit\u00e2nica anunciou a <a href=\"https:\/\/www.gazetadopovo.com.br\/mundo\/reino-unido-anuncia-prisoes-ligadas-incendio-ambulancias-comunidade-judaica\/\">pris\u00e3o de dois homens <\/a>em conex\u00e3o com o ataque antissemita a ambul\u00e2ncias pertencentes \u00e0 comunidade judaica no norte de Londres, no in\u00edcio da semana.<\/p>\n<p>A reportagem verificou que os ataques foram amplamente divulgados em canais de comunica\u00e7\u00e3o pr\u00f3-regime iraniano. Em pelo menos um caso, a a\u00e7\u00e3o foi anunciada com anteced\u00eancia, segundo investigadores e especialistas em contraterrorismo.<\/p>\n<p>Em 16 de mar\u00e7o, o grupo que reivindicou a maioria dos ataques alertou cidad\u00e3os na Europa a se distanciarem \u201cimediatamente de todos os interesses americanos e sionistas e de tudo o que estiver relacionado a eles\u201d.<\/p>\n<p>VEJA TAMB\u00c9M:<\/p>\n<\/div>","protected":false},"excerpt":{"rendered":"<p>Autoridades europeias informaram nesta quarta-feira (25) que investigam o envolvimento do Ir\u00e3 em uma s\u00e9rie de ataques terroristas no continente&hellip;<\/p>\n","protected":false},"author":4,"featured_media":310372,"comment_status":"open","ping_status":"open","sticky":false,"template":"","format":"standard","meta":{"footnotes":""},"categories":[204],"tags":[],"class_list":["post-310371","post","type-post","status-publish","format-standard","has-post-thumbnail","hentry","category-ultimas-noticias"],"_links":{"self":[{"href":"https:\/\/villanews.com.br\/index.php?rest_route=\/wp\/v2\/posts\/310371","targetHints":{"allow":["GET"]}}],"collection":[{"href":"https:\/\/villanews.com.br\/index.php?rest_route=\/wp\/v2\/posts"}],"about":[{"href":"https:\/\/villanews.com.br\/index.php?rest_route=\/wp\/v2\/types\/post"}],"author":[{"embeddable":true,"href":"https:\/\/villanews.com.br\/index.php?rest_route=\/wp\/v2\/users\/4"}],"replies":[{"embeddable":true,"href":"https:\/\/villanews.com.br\/index.php?rest_route=%2Fwp%2Fv2%2Fcomments&post=310371"}],"version-history":[{"count":0,"href":"https:\/\/villanews.com.br\/index.php?rest_route=\/wp\/v2\/posts\/310371\/revisions"}],"wp:featuredmedia":[{"embeddable":true,"href":"https:\/\/villanews.com.br\/index.php?rest_route=\/wp\/v2\/media\/310372"}],"wp:attachment":[{"href":"https:\/\/villanews.com.br\/index.php?rest_route=%2Fwp%2Fv2%2Fmedia&parent=310371"}],"wp:term":[{"taxonomy":"category","embeddable":true,"href":"https:\/\/villanews.com.br\/index.php?rest_route=%2Fwp%2Fv2%2Fcategories&post=310371"},{"taxonomy":"post_tag","embeddable":true,"href":"https:\/\/villanews.com.br\/index.php?rest_route=%2Fwp%2Fv2%2Ftags&post=310371"}],"curies":[{"name":"wp","href":"https:\/\/api.w.org\/{rel}","templated":true}]}}