{"id":302895,"date":"2026-03-20T15:08:52","date_gmt":"2026-03-20T19:08:52","guid":{"rendered":"https:\/\/villanews.com.br\/?p=302895"},"modified":"2026-03-20T15:08:52","modified_gmt":"2026-03-20T19:08:52","slug":"governo-de-mt-lanca-pacote-de-obras-para-cuiaba-e-amplia-rede-de-colegios-estaduais-integrados-investimento-e-de-r-180-milhoes","status":"publish","type":"post","link":"https:\/\/villanews.com.br\/?p=302895","title":{"rendered":"Governo de MT lan\u00e7a pacote de obras para Cuiab\u00e1 e amplia rede de Col\u00e9gios Estaduais Integrados; investimento \u00e9 de R$ 180 milh\u00f5es"},"content":{"rendered":"<div class=\"component-html\" data-lfr-editable-id=\"element-html\" data-lfr-editable-type=\"html\">\n<small>MAIS OBRAS, MAIS EDUCA\u00c7\u00c3O<\/small>\n<h2><strong>Governo de MT lan\u00e7a pacote de obras para Cuiab\u00e1 e amplia rede de Col\u00e9gios Estaduais Integrados; investimento \u00e9 de R$ 180 milh\u00f5es<\/strong><\/h2>\n<hr \/>\n<h5>20 de Mar\u00e7o de 2026 \u00e0s 17:29<\/h5>\n<h5>Dentro de um pacote total de R$ 586 milh\u00f5es, a Capital recebe o equivalente a 27,14% dos recursos destinados a 13 obras da educa\u00e7\u00e3o<\/h5>\n<div><span>Rayane Alves<\/span> | <span>Seduc<\/span>\n<\/div>\n<div>\n     Wender Dutra\n    <\/div>\n<p> <img decoding=\"async\" src=\"https:\/\/www3.seduc.mt.gov.br\/o\/adaptive-media\/image\/78318297\/Thumbnail-1024x1024\/IMG_3864.jpg.jpeg\" title=\" Wender Dutra\" \/><\/p>\n<div><a>A<\/a> | <a>A<\/a>\n<\/div>\n<div class=\"full-content\">\n<p>O Governo de Mato Grosso lan\u00e7ou, nesta sexta-feira (20.3), o maior pacote de obras para Cuiab\u00e1, com investimento total de R$ 663,3 milh\u00f5es. Desse montante, cerca de R$ 180 milh\u00f5es ser\u00e3o aplicados na Educa\u00e7\u00e3o, o equivalente a 27,14% dos recursos destinados \u00e0 Capital.<\/p>\n<p>Entre os principais investimentos anunciados para a educa\u00e7\u00e3o est\u00e1 constru\u00e7\u00e3o de sete novos Col\u00e9gios Estaduais Integrados (CEIs), consolidando a expans\u00e3o da infraestrutura da rede estadual de ensino no munic\u00edpio.<\/p>\n<p>Os novos Col\u00e9gios Estaduais Integrados seguir\u00e3o o padr\u00e3o de 24 salas de aula, com capacidade para atender at\u00e9 1.700 estudantes do Ensino Fundamental II, Ensino M\u00e9dio e Educa\u00e7\u00e3o de Jovens e Adultos (EJA).\u00a0<\/p>\n<p>A estrutura inclui piscina, vesti\u00e1rio, quadra poliesportiva, laborat\u00f3rios, biblioteca e corredores com t\u00fanel de vento, al\u00e9m de salas climatizadas, jardinagem e recursos tecnol\u00f3gicos como internet banda larga, Chromebooks e Smart TVs.<\/p>\n<p>As novas escolas tamb\u00e9m adotar\u00e3o o modelo de gest\u00e3o c\u00edvico-militar e o programa Escola da Fam\u00edlia, idealizado pela primeira-dama Virginia Mendes, com foco na integra\u00e7\u00e3o entre escola e comunidade.\u00a0<\/p>\n<p>Com as novas unidades, Cuiab\u00e1 passar\u00e1 a contar com 10 col\u00e9gios no modelo CEI, considerando os quatro col\u00e9gios que j\u00e1 est\u00e3o em funcionamento desde 2025. As unidades existentes est\u00e3o localizadas nos bairros Ilza Picoli, Dr. F\u00e1bio e Pedra 90. Neste \u00faltimo, o complexo re\u00fane os CEIs M\u00e1rio de Castro e Malik Didier, que atendem juntos cerca de 3.360 estudantes nos per\u00edodos matutino e vespertino.<\/p>\n<p>Na avalia\u00e7\u00e3o do governador Mauro Mendes, o Estado est\u00e1 promovendo uma revolu\u00e7\u00e3o\u00a0profunda na Educa\u00e7\u00e3o P\u00fablica em Mato Grosso. J\u00e1 s\u00e3o 41 novas escolas em constru\u00e7\u00e3o ou recentemente entregues, todas seguindo um padr\u00e3o de qualidade que, em muitos casos, ultrapassa o das institui\u00e7\u00f5es privadas.<\/p>\n<p>\u201cN\u00e3o \u00e9 apenas sobre estrutura f\u00edsica moderna ou tecnologia embarcada, mas sobre criar um ambiente de aprendizado eficiente, acolhedor e preparado para o futuro. Come\u00e7amos em Cuiab\u00e1, aperfei\u00e7oamos o modelo a cada nova unidade e hoje temos um padr\u00e3o consolidado, resultado de um processo cont\u00ednuo de melhoria\u201d, disse.<\/p>\n<p>Mauro Mendes ainda pontuou que, ao mesmo tempo, Mato Grosso est\u00e1 valorizando os profissionais da Educa\u00e7\u00e3o com uma nova l\u00f3gica de gest\u00e3o, baseada em meritocracia, desempenho e resultados.\u00a0<\/p>\n<p>\u201cO aluno aprende mais, a escola entrega melhores indicadores e o servidor tamb\u00e9m \u00e9 reconhecido pelo seu trabalho. Estamos implantando uma cultura de efici\u00eancia no servi\u00e7o p\u00fablico, premiando quem faz a diferen\u00e7a, porque acreditamos que s\u00f3 com qualidade e compromisso vamos garantir uma educa\u00e7\u00e3o p\u00fablica de excel\u00eancia em Mato Grosso\u201d, falou o governador.<\/p>\n<p>Segundo o secret\u00e1rio de Estado de Educa\u00e7\u00e3o, Alan Porto, os investimentos t\u00eam alcance que vai al\u00e9m da abertura de novas vagas, pois fortalecem os bairros e o entorno ao oferecer ambientes modernos, seguros e preparados para o aprendizado, mas tamb\u00e9m aptos a receber atividades sociais e esportivas nos fins de semana.<\/p>\n<p>Alan Porto observa ainda que a amplia\u00e7\u00e3o da rede de CEIs atende \u00e0 crescente demanda educacional de regi\u00f5es populosas de Cuiab\u00e1 e, ao mesmo tempo, contribui para a transforma\u00e7\u00e3o do espa\u00e7o urbano ao redor das unidades escolares.\u00a0<\/p>\n<p>Na avalia\u00e7\u00e3o do secret\u00e1rio, a presen\u00e7a de uma escola estruturada impacta diretamente a rotina das fam\u00edlias, valoriza a comunidade e amplia as oportunidades para crian\u00e7as, adolescentes e jovens.<\/p>\n<p>Dentro do pacote lan\u00e7ado, a Seduc tamb\u00e9m anunciou a reconstru\u00e7\u00e3o total da Escola Estadual Francisco Alexandre Ferreira Mendes, a reforma e amplia\u00e7\u00e3o das escolas estaduais Senador Azeredo, Le\u00f4nidas Antero de Matos e Ant\u00f4nio Cez\u00e1rio Neto, al\u00e9m da constru\u00e7\u00e3o de uma quadra poliesportiva nesta \u00faltima unidade e a entrega de dois \u00f4nibus escolares.<\/p>\n<p>Outro destaque apontado por Alan Porto \u00e9 a retomada da constru\u00e7\u00e3o da Creche CMEI Bela Vista. Para o secret\u00e1rio, a obra representa um avan\u00e7o importante para uma regi\u00e3o que aguardava a conclus\u00e3o do espa\u00e7o e que agora volta a ter a perspectiva de contar com uma estrutura adequada para atender crian\u00e7as da Educa\u00e7\u00e3o Infantil.\u00a0<\/p>\n<p>Ele ressalta que a retomada beneficia diretamente as fam\u00edlias do bairro Bela Vista e refor\u00e7a o compromisso do Estado com uma educa\u00e7\u00e3o que come\u00e7a nos primeiros anos da vida escolar.\u00a0<\/p>\n<p>\u201cOs avan\u00e7os anunciados para Cuiab\u00e1 s\u00e3o resultado do fortalecimento do Regime de Colabora\u00e7\u00e3o entre o Estado e o Munic\u00edpio. Segundo ele, essa parceria vai al\u00e9m das obras de infraestrutura e se consolida em a\u00e7\u00f5es estrat\u00e9gicas voltadas \u00e0 melhoria da aprendizagem, como a forma\u00e7\u00e3o continuada de professores, a entrega de tecnologias educacionais, material pedag\u00f3gico e equipamentos que d\u00e3o suporte ao trabalho em sala de aula\u201d, completa o secret\u00e1rio.\u00a0<\/p>\n<p>Para Alan Porto, quando Estado e munic\u00edpio atuam em sintonia, quem ganha \u00e9 a comunidade escolar. \u201cO regime de colabora\u00e7\u00e3o fortalece a educa\u00e7\u00e3o p\u00fablica de forma ampla, com investimentos que chegam \u00e0 estrutura f\u00edsica, mas tamb\u00e9m ao cotidiano pedag\u00f3gico, ao trabalho dos profissionais e \u00e0s condi\u00e7\u00f5es de ensino e aprendizagem dos nossos estudantes\u201d.<\/p>\n<p>Os investimentos previstos para a Educa\u00e7\u00e3o em Cuiab\u00e1 contemplam a constru\u00e7\u00e3o do CEI Heliodoro Capistrano, com aporte de R$ 23,3 milh\u00f5es; do CEI Bairro Nico Baracat, com R$ 22,1 milh\u00f5es; CEI Z\u00e9lia Costa, com R$ 24 milh\u00f5es; CEI Santos Dumont, com R$ 21,1 milh\u00f5es; CEI Bairro Paiagu\u00e1s, com R$ 22,1 milh\u00f5es; e do CEI Jos\u00e9 de Mesquita, com R$ 21,1 milh\u00f5es.<\/p>\n<p>Tamb\u00e9m est\u00e3o previstos R$ 15 milh\u00f5es para a reconstru\u00e7\u00e3o da EE Francisco Alexandre Ferreira Mendes; R$ 3,2 milh\u00f5es para a reforma e amplia\u00e7\u00e3o da EE Senador Azeredo; R$ 8,9 milh\u00f5es para a EE Le\u00f4nidas Antero de Matos; R$ 12 milh\u00f5es para a EE Ant\u00f4nio C. Neto; R$ 1,45 milh\u00e3o para a quadra poliesportiva da mesma escola; R$ 4,1 milh\u00f5es para a retomada da Creche CMEI Bela Vista; e R$ 858,2 mil para a entrega de dois \u00f4nibus escolares.<\/p>\n<p>Tamb\u00e9m participaram da solenidade o vice-governador Otaviano Pivetta;\u00a0 presidente da Assembleia Legislativa, Max Russi;\u00a0 o secret\u00e1rio de Estado F\u00e1bio Garcia (Casa Civi)l, Marcelo de Oliveira (Sinfra), Gilberto Figueiredo (Ses), Andreia Fujioka (Seaf); o prefeito de Cuiab\u00e1, Ab\u00edlio Brunini; a prefeita de V\u00e1rzea Grande Fl\u00e1via Moretti; os deputados estaduais Diego Guimar\u00e3es, Paulo Ara\u00fajo e os vereadores Dilem\u00e1rio Alencar, Demilson Nogueira e Samantha \u00cdris.<\/p>\n<\/div>\n<\/div>","protected":false},"excerpt":{"rendered":"<p>MAIS OBRAS, MAIS EDUCA\u00c7\u00c3O Governo de MT lan\u00e7a pacote de obras para Cuiab\u00e1 e amplia rede de Col\u00e9gios Estaduais Integrados;&hellip;<\/p>\n","protected":false},"author":4,"featured_media":51496,"comment_status":"open","ping_status":"open","sticky":false,"template":"","format":"standard","meta":{"footnotes":""},"categories":[210],"tags":[],"class_list":["post-302895","post","type-post","status-publish","format-standard","has-post-thumbnail","hentry","category-mato-grosso"],"_links":{"self":[{"href":"https:\/\/villanews.com.br\/index.php?rest_route=\/wp\/v2\/posts\/302895","targetHints":{"allow":["GET"]}}],"collection":[{"href":"https:\/\/villanews.com.br\/index.php?rest_route=\/wp\/v2\/posts"}],"about":[{"href":"https:\/\/villanews.com.br\/index.php?rest_route=\/wp\/v2\/types\/post"}],"author":[{"embeddable":true,"href":"https:\/\/villanews.com.br\/index.php?rest_route=\/wp\/v2\/users\/4"}],"replies":[{"embeddable":true,"href":"https:\/\/villanews.com.br\/index.php?rest_route=%2Fwp%2Fv2%2Fcomments&post=302895"}],"version-history":[{"count":0,"href":"https:\/\/villanews.com.br\/index.php?rest_route=\/wp\/v2\/posts\/302895\/revisions"}],"wp:featuredmedia":[{"embeddable":true,"href":"https:\/\/villanews.com.br\/index.php?rest_route=\/wp\/v2\/media\/51496"}],"wp:attachment":[{"href":"https:\/\/villanews.com.br\/index.php?rest_route=%2Fwp%2Fv2%2Fmedia&parent=302895"}],"wp:term":[{"taxonomy":"category","embeddable":true,"href":"https:\/\/villanews.com.br\/index.php?rest_route=%2Fwp%2Fv2%2Fcategories&post=302895"},{"taxonomy":"post_tag","embeddable":true,"href":"https:\/\/villanews.com.br\/index.php?rest_route=%2Fwp%2Fv2%2Ftags&post=302895"}],"curies":[{"name":"wp","href":"https:\/\/api.w.org\/{rel}","templated":true}]}}