{"id":299942,"date":"2026-03-20T14:23:45","date_gmt":"2026-03-20T18:23:45","guid":{"rendered":"https:\/\/villanews.com.br\/?p=299942"},"modified":"2026-03-20T14:23:45","modified_gmt":"2026-03-20T18:23:45","slug":"policia-civil-deflagra-operacao-em-repressao-a-fraudes-financeiras-estruturadas","status":"publish","type":"post","link":"https:\/\/villanews.com.br\/?p=299942","title":{"rendered":"Pol\u00edcia Civil deflagra opera\u00e7\u00e3o em repress\u00e3o a fraudes financeiras estruturadas"},"content":{"rendered":"<div class=\"component-html\" data-lfr-editable-id=\"element-html\" data-lfr-editable-type=\"html\">\n<small>OPERA\u00c7\u00c3O GARAGEM FANTASMA<\/small>\n<h2><strong>Pol\u00edcia Civil deflagra opera\u00e7\u00e3o em repress\u00e3o a fraudes financeiras estruturadas<\/strong><\/h2>\n<hr \/>\n<h5>20 de Mar\u00e7o de 2026 \u00e0s 17:27<\/h5>\n<h5>As investiga\u00e7\u00f5es tiveram in\u00edcio ap\u00f3s o registro de ocorr\u00eancia pela v\u00edtima, que relatou ter sido induzida a erro por indiv\u00edduos que se apresentavam como operadores de empr\u00e9stimos informais<\/h5>\n<div><span>Assessoria<\/span> | <span>Pol\u00edcia Civil-MT<\/span>\n<\/div>\n<p> <img decoding=\"async\" src=\"https:\/\/www.pjc.mt.gov.br\/o\/adaptive-media\/image\/69062516\/Thumbnail-1024x1024\/DELEGACIAS%20SINOP%20(26)\" title=\" \" \/><\/p>\n<div><a>A<\/a> | <a>A<\/a>\n<\/div>\n<div class=\"full-content\">\n<p>A Pol\u00edcia Civil deflagrou nesta sexta-feira (20.3), a Opera\u00e7\u00e3o \u201cGaragem Fantasma\u201d, resultado de investiga\u00e7\u00e3o de crimes de estelionato, falsidade ideol\u00f3gica, fraude eletr\u00f4nica, associa\u00e7\u00e3o criminosa e lavagem de dinheiro, ocorridos em Sinop. Na a\u00e7\u00e3o, dois homens, de 25 e 32 anos, foram presos, mediante cumprimento de mandados.<\/p>\n<p>As investiga\u00e7\u00f5es tiveram in\u00edcio ap\u00f3s o registro de ocorr\u00eancia pela v\u00edtima, que relatou ter sido induzida a erro por indiv\u00edduos que se apresentavam como operadores de empr\u00e9stimos informais.<\/p>\n<p>Segundo apurado, os suspeitos teriam se valido da confian\u00e7a da v\u00edtima para obter acesso a dados banc\u00e1rios de sua empresa, utilizando tais informa\u00e7\u00f5es para realizar opera\u00e7\u00f5es financeiras fraudulentas. <\/p>\n<p> Na investiga\u00e7\u00e3o, foram identificadas movimenta\u00e7\u00f5es banc\u00e1rias incompat\u00edveis, incluindo a realiza\u00e7\u00e3o de financiamento de ve\u00edculo em nome de terceiros, mediante poss\u00edvel utiliza\u00e7\u00e3o de documentos falsificados, bem como transfer\u00eancias de valores para contas vinculadas aos investigados e a terceiros, com ind\u00edcios de tentativa de oculta\u00e7\u00e3o da origem il\u00edcita dos recursos. <\/p>\n<p> As dilig\u00eancias investigativas tamb\u00e9m apontaram para a atua\u00e7\u00e3o coordenada de mais de um indiv\u00edduo, com divis\u00e3o de tarefas e poss\u00edvel estrutura organizada voltada \u00e0 pr\u00e1tica reiterada de fraudes financeiras.<\/p>\n<p> As investiga\u00e7\u00f5es seguem em andamento, com a realiza\u00e7\u00e3o de novas dilig\u00eancias, oitivas e an\u00e1lise de dados banc\u00e1rios e telem\u00e1ticos, visando \u00e0 completa elucida\u00e7\u00e3o dos fatos e \u00e0 identifica\u00e7\u00e3o de eventuais outras v\u00edtimas.<\/p>\n<p> \u00a0<\/p>\n<\/div>\n<\/div>","protected":false},"excerpt":{"rendered":"<p>OPERA\u00c7\u00c3O GARAGEM FANTASMA Pol\u00edcia Civil deflagra opera\u00e7\u00e3o em repress\u00e3o a fraudes financeiras estruturadas 20 de Mar\u00e7o de 2026 \u00e0s 17:27&hellip;<\/p>\n","protected":false},"author":4,"featured_media":55717,"comment_status":"open","ping_status":"open","sticky":false,"template":"","format":"standard","meta":{"footnotes":""},"categories":[172],"tags":[],"class_list":["post-299942","post","type-post","status-publish","format-standard","has-post-thumbnail","hentry","category-policia"],"_links":{"self":[{"href":"https:\/\/villanews.com.br\/index.php?rest_route=\/wp\/v2\/posts\/299942","targetHints":{"allow":["GET"]}}],"collection":[{"href":"https:\/\/villanews.com.br\/index.php?rest_route=\/wp\/v2\/posts"}],"about":[{"href":"https:\/\/villanews.com.br\/index.php?rest_route=\/wp\/v2\/types\/post"}],"author":[{"embeddable":true,"href":"https:\/\/villanews.com.br\/index.php?rest_route=\/wp\/v2\/users\/4"}],"replies":[{"embeddable":true,"href":"https:\/\/villanews.com.br\/index.php?rest_route=%2Fwp%2Fv2%2Fcomments&post=299942"}],"version-history":[{"count":0,"href":"https:\/\/villanews.com.br\/index.php?rest_route=\/wp\/v2\/posts\/299942\/revisions"}],"wp:featuredmedia":[{"embeddable":true,"href":"https:\/\/villanews.com.br\/index.php?rest_route=\/wp\/v2\/media\/55717"}],"wp:attachment":[{"href":"https:\/\/villanews.com.br\/index.php?rest_route=%2Fwp%2Fv2%2Fmedia&parent=299942"}],"wp:term":[{"taxonomy":"category","embeddable":true,"href":"https:\/\/villanews.com.br\/index.php?rest_route=%2Fwp%2Fv2%2Fcategories&post=299942"},{"taxonomy":"post_tag","embeddable":true,"href":"https:\/\/villanews.com.br\/index.php?rest_route=%2Fwp%2Fv2%2Ftags&post=299942"}],"curies":[{"name":"wp","href":"https:\/\/api.w.org\/{rel}","templated":true}]}}