{"id":299887,"date":"2026-03-20T15:26:35","date_gmt":"2026-03-20T19:26:35","guid":{"rendered":"https:\/\/villanews.com.br\/?p=299887"},"modified":"2026-03-20T15:26:35","modified_gmt":"2026-03-20T19:26:35","slug":"investigacao-de-trabalho-analogo-a-escravidao-no-brasil-ganha-destaque-nos-eua","status":"publish","type":"post","link":"https:\/\/villanews.com.br\/?p=299887","title":{"rendered":"Investiga\u00e7\u00e3o de trabalho an\u00e1logo \u00e0 escravid\u00e3o no Brasil ganha destaque nos EUA"},"content":{"rendered":"<div class=\"postBody_post-body-container__1KhtH\">\n<p>Este epis\u00f3dio do <strong><a href=\"https:\/\/www.gazetadopovo.com.br\/tudo-sobre\/podcast-15-minutos\/\">podcast\u00a015 Minutos<\/a><\/strong> da Gazeta do Povo\u00a0analisa as mais recentes tens\u00f5es diplom\u00e1ticas e comerciais entre\u00a0Brasil e Estados Unidos. Desta vez, motivadas por investiga\u00e7\u00f5es sobre\u00a0trabalho escravo.<\/p>\n<p>O programa destaca uma fiscaliza\u00e7\u00e3o na f\u00e1brica da montadora chinesa\u00a0BYD na Bahia, onde trabalhadores foram encontrados em condi\u00e7\u00f5es degradantes e com documentos retidos.<\/p>\n<p>O comentarista Frederico Junkert explica como o governo americano busca novas bases legais para aplicar\u00a0tarifas de importa\u00e7\u00e3o\u00a0ap\u00f3s decis\u00f5es da Suprema Corte sobre pol\u00edticas do <a href=\"https:\/\/www.gazetadopovo.com.br\/tudo-sobre\/donald-trump\/\">governo Trump<\/a>.<\/p>\n<p>O epis\u00f3dio tamb\u00e9m aborda outros pontos de atrito, como a vigil\u00e2ncia sobre a\u00a0influ\u00eancia chinesa\u00a0em territ\u00f3rio brasileiro e impasses envolvendo o cancelamento de\u00a0vistos diplom\u00e1ticos.<\/p>\n<\/div>","protected":false},"excerpt":{"rendered":"<p>Este epis\u00f3dio do podcast\u00a015 Minutos da Gazeta do Povo\u00a0analisa as mais recentes tens\u00f5es diplom\u00e1ticas e comerciais entre\u00a0Brasil e Estados Unidos.&hellip;<\/p>\n","protected":false},"author":4,"featured_media":299599,"comment_status":"open","ping_status":"open","sticky":false,"template":"","format":"standard","meta":{"footnotes":""},"categories":[5],"tags":[],"class_list":["post-299887","post","type-post","status-publish","format-standard","has-post-thumbnail","hentry","category-politica"],"_links":{"self":[{"href":"https:\/\/villanews.com.br\/index.php?rest_route=\/wp\/v2\/posts\/299887","targetHints":{"allow":["GET"]}}],"collection":[{"href":"https:\/\/villanews.com.br\/index.php?rest_route=\/wp\/v2\/posts"}],"about":[{"href":"https:\/\/villanews.com.br\/index.php?rest_route=\/wp\/v2\/types\/post"}],"author":[{"embeddable":true,"href":"https:\/\/villanews.com.br\/index.php?rest_route=\/wp\/v2\/users\/4"}],"replies":[{"embeddable":true,"href":"https:\/\/villanews.com.br\/index.php?rest_route=%2Fwp%2Fv2%2Fcomments&post=299887"}],"version-history":[{"count":0,"href":"https:\/\/villanews.com.br\/index.php?rest_route=\/wp\/v2\/posts\/299887\/revisions"}],"wp:featuredmedia":[{"embeddable":true,"href":"https:\/\/villanews.com.br\/index.php?rest_route=\/wp\/v2\/media\/299599"}],"wp:attachment":[{"href":"https:\/\/villanews.com.br\/index.php?rest_route=%2Fwp%2Fv2%2Fmedia&parent=299887"}],"wp:term":[{"taxonomy":"category","embeddable":true,"href":"https:\/\/villanews.com.br\/index.php?rest_route=%2Fwp%2Fv2%2Fcategories&post=299887"},{"taxonomy":"post_tag","embeddable":true,"href":"https:\/\/villanews.com.br\/index.php?rest_route=%2Fwp%2Fv2%2Ftags&post=299887"}],"curies":[{"name":"wp","href":"https:\/\/api.w.org\/{rel}","templated":true}]}}