{"id":299830,"date":"2026-03-20T13:23:32","date_gmt":"2026-03-20T17:23:32","guid":{"rendered":"https:\/\/villanews.com.br\/?p=299830"},"modified":"2026-03-20T13:23:32","modified_gmt":"2026-03-20T17:23:32","slug":"policia-civil-incinera-cerca-de-50-quilos-de-entorpecentes-em-barra-do-garcas","status":"publish","type":"post","link":"https:\/\/villanews.com.br\/?p=299830","title":{"rendered":"Pol\u00edcia Civil incinera cerca de 50 quilos de entorpecentes em Barra do Gar\u00e7as"},"content":{"rendered":"<div class=\"component-html\" data-lfr-editable-id=\"element-html\" data-lfr-editable-type=\"html\">\n<small>SEGURAN\u00c7A P\u00daBLICA<\/small>\n<h2><strong>Pol\u00edcia Civil incinera cerca de 50 quilos de entorpecentes em Barra do Gar\u00e7as<\/strong><\/h2>\n<hr \/>\n<h5>20 de Mar\u00e7o de 2026 \u00e0s 17:03<\/h5>\n<h5>O ato de queima contou com a participa\u00e7\u00e3o de representantes da Politec e da Vigil\u00e2ncia Sanit\u00e1ria<\/h5>\n<div><span>Assessoria<\/span> | <span>Pol\u00edcia Civil &#8211; MT<\/span>\n<\/div>\n<div>\n     PC-MT\n    <\/div>\n<p> <img decoding=\"async\" src=\"https:\/\/www.pjc.mt.gov.br\/o\/adaptive-media\/image\/78323333\/Thumbnail-1024x1024\/1000274069.jpg\" title=\" PC-MT\" \/><\/p>\n<div><a>A<\/a> | <a>A<\/a>\n<\/div>\n<div class=\"full-content\">\n<p>Cerca de 50 quilos de entorpecentes foram incinerados pela Pol\u00edcia Civil, nesta sexta-feira (20.3), no munic\u00edpio de Barra do Gar\u00e7as (509 km a leste de Cuiab\u00e1).<\/p>\n<p>O ato de destrui\u00e7\u00e3o do carregamento de subst\u00e2ncias il\u00edcitas, contendo maconha, pasta base e coca\u00edna, foi realizado pela Delegacia de Pol\u00edcia de Barra do Gar\u00e7as.<\/p>\n<p><img decoding=\"async\" src=\"https:\/\/www.pjc.mt.gov.br\/documents\/d\/pjc\/1000274070-jpg?imageThumbnail=3\" \/><br \/>\n<br \/> \u00a0<\/p>\n<p>As drogas estavam relacionadas a diversos inqu\u00e9ritos policiais em tramita\u00e7\u00e3o na unidade, oriundos de apreens\u00f5es realizadas em a\u00e7\u00f5es distintas conduzidas pelas for\u00e7as de seguran\u00e7a.<\/p>\n<p>A incinera\u00e7\u00e3o contou com a presen\u00e7a de representantes da Per\u00edcia Oficial e Identifica\u00e7\u00e3o T\u00e9cnica (Politec) e da Vigil\u00e2ncia Sanit\u00e1ria, garantindo a regularidade e a seguran\u00e7a da a\u00e7\u00e3o.<\/p>\n<\/div>\n<\/div>","protected":false},"excerpt":{"rendered":"<p>SEGURAN\u00c7A P\u00daBLICA Pol\u00edcia Civil incinera cerca de 50 quilos de entorpecentes em Barra do Gar\u00e7as 20 de Mar\u00e7o de 2026&hellip;<\/p>\n","protected":false},"author":4,"featured_media":55717,"comment_status":"open","ping_status":"open","sticky":false,"template":"","format":"standard","meta":{"footnotes":""},"categories":[172],"tags":[],"class_list":["post-299830","post","type-post","status-publish","format-standard","has-post-thumbnail","hentry","category-policia"],"_links":{"self":[{"href":"https:\/\/villanews.com.br\/index.php?rest_route=\/wp\/v2\/posts\/299830","targetHints":{"allow":["GET"]}}],"collection":[{"href":"https:\/\/villanews.com.br\/index.php?rest_route=\/wp\/v2\/posts"}],"about":[{"href":"https:\/\/villanews.com.br\/index.php?rest_route=\/wp\/v2\/types\/post"}],"author":[{"embeddable":true,"href":"https:\/\/villanews.com.br\/index.php?rest_route=\/wp\/v2\/users\/4"}],"replies":[{"embeddable":true,"href":"https:\/\/villanews.com.br\/index.php?rest_route=%2Fwp%2Fv2%2Fcomments&post=299830"}],"version-history":[{"count":0,"href":"https:\/\/villanews.com.br\/index.php?rest_route=\/wp\/v2\/posts\/299830\/revisions"}],"wp:featuredmedia":[{"embeddable":true,"href":"https:\/\/villanews.com.br\/index.php?rest_route=\/wp\/v2\/media\/55717"}],"wp:attachment":[{"href":"https:\/\/villanews.com.br\/index.php?rest_route=%2Fwp%2Fv2%2Fmedia&parent=299830"}],"wp:term":[{"taxonomy":"category","embeddable":true,"href":"https:\/\/villanews.com.br\/index.php?rest_route=%2Fwp%2Fv2%2Fcategories&post=299830"},{"taxonomy":"post_tag","embeddable":true,"href":"https:\/\/villanews.com.br\/index.php?rest_route=%2Fwp%2Fv2%2Ftags&post=299830"}],"curies":[{"name":"wp","href":"https:\/\/api.w.org\/{rel}","templated":true}]}}