{"id":299734,"date":"2026-03-20T12:22:49","date_gmt":"2026-03-20T16:22:49","guid":{"rendered":"https:\/\/villanews.com.br\/?p=299734"},"modified":"2026-03-20T12:22:49","modified_gmt":"2026-03-20T16:22:49","slug":"homem-foragido-da-justica-e-preso-pela-policia-civil-em-vila-rica","status":"publish","type":"post","link":"https:\/\/villanews.com.br\/?p=299734","title":{"rendered":"Homem foragido da Justi\u00e7a \u00e9 preso pela Pol\u00edcia Civil em Vila Rica"},"content":{"rendered":"<div class=\"component-html\" data-lfr-editable-id=\"element-html\" data-lfr-editable-type=\"html\">\n<small>MANDADO CUMPRIDO<\/small>\n<h2><strong>Homem foragido da Justi\u00e7a \u00e9 preso pela Pol\u00edcia Civil em Vila Rica<\/strong><\/h2>\n<hr \/>\n<h5>20 de Mar\u00e7o de 2026 \u00e0s 15:49<\/h5>\n<h5>Durante dilig\u00eancias os policiais civis abordaram o procurado caminhando em via p\u00fablica do bairro Vila Nova<\/h5>\n<div><span>Assessoria<\/span> | <span>Pol\u00edcia Civil &#8211; MT<\/span>\n<\/div>\n<div>\n     PC-MT\n    <\/div>\n<p> <img decoding=\"async\" src=\"https:\/\/www.pjc.mt.gov.br\/o\/adaptive-media\/image\/77392914\/Thumbnail-1024x1024\/Delegacia%20de%20Vila%20Rica.jpeg\" title=\" PC-MT\" \/><\/p>\n<div><a>A<\/a> | <a>A<\/a>\n<\/div>\n<div class=\"full-content\">\n<p>Mais um homem foragido da Justi\u00e7a foi preso pela Pol\u00edcia Civil, nesta sexta-feira (20.3), no munic\u00edpio de Vila Rica (1.259 km a nordeste de Cuiab\u00e1).<\/p>\n<p>Com v\u00e1rias passagens criminais, o procurado de 28 anos, estava com o mandado de pris\u00e3o expedido pela 2\u00aa Vara Criminal e C\u00edvel da Comarca de Vila Rica.<\/p>\n<p>Durante dilig\u00eancias investigativas os policiais civis abordaram o suspeito caminhando em via p\u00fablica do bairro Vila Nova, na companhia de outro homem.\u00a0<\/p>\n<p><img decoding=\"async\" src=\"https:\/\/www.pjc.mt.gov.br\/documents\/d\/pjc\/vila-rica-1-jpeg?imageThumbnail=3\" \/><br \/>\n<br \/> \u00a0<\/p>\n<p>Ao ser reconhecido a equipe se aproximou do suspeito para averigua\u00e7\u00e3o e confirma\u00e7\u00e3o da identidade. Ap\u00f3s a constata\u00e7\u00e3o da ordem judicial foi dada a voz de pris\u00e3o.\u00a0<\/p>\n<p>Em seguida ele foi conduzido \u00e0 Delegacia de Pol\u00edcia de Vila Rica para as provid\u00eancias cab\u00edveis, sendo posteriormente colocado \u00e0 disposi\u00e7\u00e3o da Justi\u00e7a.<\/p>\n<\/div>\n<\/div>","protected":false},"excerpt":{"rendered":"<p>MANDADO CUMPRIDO Homem foragido da Justi\u00e7a \u00e9 preso pela Pol\u00edcia Civil em Vila Rica 20 de Mar\u00e7o de 2026 \u00e0s&hellip;<\/p>\n","protected":false},"author":4,"featured_media":55717,"comment_status":"open","ping_status":"open","sticky":false,"template":"","format":"standard","meta":{"footnotes":""},"categories":[172],"tags":[],"class_list":["post-299734","post","type-post","status-publish","format-standard","has-post-thumbnail","hentry","category-policia"],"_links":{"self":[{"href":"https:\/\/villanews.com.br\/index.php?rest_route=\/wp\/v2\/posts\/299734","targetHints":{"allow":["GET"]}}],"collection":[{"href":"https:\/\/villanews.com.br\/index.php?rest_route=\/wp\/v2\/posts"}],"about":[{"href":"https:\/\/villanews.com.br\/index.php?rest_route=\/wp\/v2\/types\/post"}],"author":[{"embeddable":true,"href":"https:\/\/villanews.com.br\/index.php?rest_route=\/wp\/v2\/users\/4"}],"replies":[{"embeddable":true,"href":"https:\/\/villanews.com.br\/index.php?rest_route=%2Fwp%2Fv2%2Fcomments&post=299734"}],"version-history":[{"count":0,"href":"https:\/\/villanews.com.br\/index.php?rest_route=\/wp\/v2\/posts\/299734\/revisions"}],"wp:featuredmedia":[{"embeddable":true,"href":"https:\/\/villanews.com.br\/index.php?rest_route=\/wp\/v2\/media\/55717"}],"wp:attachment":[{"href":"https:\/\/villanews.com.br\/index.php?rest_route=%2Fwp%2Fv2%2Fmedia&parent=299734"}],"wp:term":[{"taxonomy":"category","embeddable":true,"href":"https:\/\/villanews.com.br\/index.php?rest_route=%2Fwp%2Fv2%2Fcategories&post=299734"},{"taxonomy":"post_tag","embeddable":true,"href":"https:\/\/villanews.com.br\/index.php?rest_route=%2Fwp%2Fv2%2Ftags&post=299734"}],"curies":[{"name":"wp","href":"https:\/\/api.w.org\/{rel}","templated":true}]}}