{"id":299732,"date":"2026-03-20T12:26:29","date_gmt":"2026-03-20T16:26:29","guid":{"rendered":"https:\/\/villanews.com.br\/?p=299732"},"modified":"2026-03-20T12:26:29","modified_gmt":"2026-03-20T16:26:29","slug":"rotam-prende-suspeito-por-trafico-de-drogas-durante-abordagem-em-pontes-e-lacerda","status":"publish","type":"post","link":"https:\/\/villanews.com.br\/?p=299732","title":{"rendered":"Rotam prende suspeito por tr\u00e1fico de drogas durante abordagem em Pontes e Lacerda"},"content":{"rendered":"<div class=\"component-html\" data-lfr-editable-id=\"element-html\" data-lfr-editable-type=\"html\">\n<small>POLICIAMENTO T\u00c1TICO<\/small>\n<h2><strong>Rotam prende suspeito por tr\u00e1fico de drogas durante abordagem em Pontes e Lacerda<\/strong><\/h2>\n<hr \/>\n<h5>20 de Mar\u00e7o de 2026 \u00e0s 16:22<\/h5>\n<h5>Na a\u00e7\u00e3o, equipes apreenderam 14 por\u00e7\u00f5es de subst\u00e2ncia an\u00e1logas \u00e0 maconha<\/h5>\n<div><span>Wellyngton Souza<\/span> | <span>PMMT<\/span>\n<\/div>\n<p> <img decoding=\"async\" src=\"https:\/\/www.pm.mt.gov.br\/o\/adaptive-media\/image\/78316591\/Thumbnail-1024x1024\/WhatsApp%20Image%202026-03-20%20at%2005.51.34.jpeg\" title=\" \" \/><\/p>\n<div><a>A<\/a> | <a>A<\/a>\n<\/div>\n<div class=\"full-content\">\n<p>Policiais militares do Batalh\u00e3o de Ronda Ostensiva T\u00e1tica M\u00f3vel (Rotam) prenderam, nesta quinta-feira (19.3), um homem de 24 anos, suspeito de tr\u00e1fico il\u00edcito de drogas, em Pontes e Lacerda (a 444 km de Cuiab\u00e1). As equipes apreenderam 14 por\u00e7\u00f5es de subst\u00e2ncia an\u00e1loga \u00e0 maconha. O indiv\u00edduo j\u00e1 possui passagens pelo mesmo delito.<\/p>\n<p>Durante desdobramento da Opera\u00e7\u00e3o Toler\u00e2ncia Zero, os policiais flagraram o homem em frente a uma resid\u00eancia no bairro Altos da Gl\u00f3ria, em atitude suspeita. Ao notar a aproxima\u00e7\u00e3o da viatura, ele dispensou uma sacola ao ch\u00e3o.<\/p>\n<p>Durante a abordagem, os militares verificaram que o material dispensado continha uma subst\u00e2ncia semelhante \u00e0 maconha. Diante da situa\u00e7\u00e3o, os policiais entraram no im\u00f3vel e abordaram o suspeito.<\/p>\n<p>Nas buscas, os agentes encontraram, dentro de um recipiente guardado em uma geladeira, uma balan\u00e7a de precis\u00e3o e outras por\u00e7\u00f5es da mesma subst\u00e2ncia, tamb\u00e9m embaladas em inv\u00f3lucros. Ao todo, foram apreendidas 14 por\u00e7\u00f5es de maconha. O suspeito e o material apreendido foram conduzidos \u00e0 delegacia para registro do boletim de ocorr\u00eancia.<\/p>\n<p><strong>Disque-den\u00fancia<\/strong><\/p>\n<p>A sociedade pode contribuir com as a\u00e7\u00f5es da Pol\u00edcia Militar de qualquer cidade do Estado, sem precisar se identificar, por meio do 190 ou 0800.065.3939.<\/p>\n<\/div>\n<\/div>","protected":false},"excerpt":{"rendered":"<p>POLICIAMENTO T\u00c1TICO Rotam prende suspeito por tr\u00e1fico de drogas durante abordagem em Pontes e Lacerda 20 de Mar\u00e7o de 2026&hellip;<\/p>\n","protected":false},"author":4,"featured_media":55717,"comment_status":"open","ping_status":"open","sticky":false,"template":"","format":"standard","meta":{"footnotes":""},"categories":[172],"tags":[],"class_list":["post-299732","post","type-post","status-publish","format-standard","has-post-thumbnail","hentry","category-policia"],"_links":{"self":[{"href":"https:\/\/villanews.com.br\/index.php?rest_route=\/wp\/v2\/posts\/299732","targetHints":{"allow":["GET"]}}],"collection":[{"href":"https:\/\/villanews.com.br\/index.php?rest_route=\/wp\/v2\/posts"}],"about":[{"href":"https:\/\/villanews.com.br\/index.php?rest_route=\/wp\/v2\/types\/post"}],"author":[{"embeddable":true,"href":"https:\/\/villanews.com.br\/index.php?rest_route=\/wp\/v2\/users\/4"}],"replies":[{"embeddable":true,"href":"https:\/\/villanews.com.br\/index.php?rest_route=%2Fwp%2Fv2%2Fcomments&post=299732"}],"version-history":[{"count":0,"href":"https:\/\/villanews.com.br\/index.php?rest_route=\/wp\/v2\/posts\/299732\/revisions"}],"wp:featuredmedia":[{"embeddable":true,"href":"https:\/\/villanews.com.br\/index.php?rest_route=\/wp\/v2\/media\/55717"}],"wp:attachment":[{"href":"https:\/\/villanews.com.br\/index.php?rest_route=%2Fwp%2Fv2%2Fmedia&parent=299732"}],"wp:term":[{"taxonomy":"category","embeddable":true,"href":"https:\/\/villanews.com.br\/index.php?rest_route=%2Fwp%2Fv2%2Fcategories&post=299732"},{"taxonomy":"post_tag","embeddable":true,"href":"https:\/\/villanews.com.br\/index.php?rest_route=%2Fwp%2Fv2%2Ftags&post=299732"}],"curies":[{"name":"wp","href":"https:\/\/api.w.org\/{rel}","templated":true}]}}