{"id":299627,"date":"2026-03-20T15:49:00","date_gmt":"2026-03-20T19:49:00","guid":{"rendered":"https:\/\/villanews.com.br\/?p=299627"},"modified":"2026-03-20T15:49:00","modified_gmt":"2026-03-20T19:49:00","slug":"comissao-aprova-isencao-de-taxa-em-concursos-para-beneficiarios-do-fies-e-do-prouni","status":"publish","type":"post","link":"https:\/\/villanews.com.br\/?p=299627","title":{"rendered":"Comiss\u00e3o aprova isen\u00e7\u00e3o de taxa em concursos para benefici\u00e1rios do Fies e do Prouni"},"content":{"rendered":"<div class=\"markdown prose message-content dark:prose-invert light w-full break-words dark:text-gray-100\">\n<p><em>Vinicius Loures \/ C\u00e2mara dos Deputados<\/em><br \/>\n<img decoding=\"async\" src=\"https:\/\/www.camara.leg.br\/midias\/image\/2026\/03\/img20251204123206613-768x473.jpg\" \/><\/p>\n<div>Prof\u00aa Luciene: continuidade l\u00f3gica das pol\u00edticas de inclus\u00e3o<\/div>\n<p>A Comiss\u00e3o de Administra\u00e7\u00e3o e Servi\u00e7o P\u00fablico da C\u00e2mara dos Deputados aprovou proposta que isenta do pagamento de taxa de inscri\u00e7\u00e3o em concursos p\u00fablicos federais os candidatos que cursaram o ensino superior como benefici\u00e1rios do Fundo de Financiamento Estudantil (Fies) ou do Programa Universidade para Todos (Prouni).<\/p>\n<p>O colegiado aprovou o parecer favor\u00e1vel da relatora, deputada Professora Luciene Cavalcante (Psol-SP), ao Projeto de Lei 2267\/25, do deputado Pastor Henrique Vieira (Psol-RJ).<\/p>\n<p>Atualmente, a <a href=\"https:\/\/www2.camara.gov.br\/legin\/fed\/lei\/2018\/lei-13656-30-abril-2018-786628-norma-pl.html\">Lei 13.656\/18<\/a> garante a isen\u00e7\u00e3o apenas para candidatos inscritos no Cadastro \u00danico (Cad\u00danico) e para doadores de medula \u00f3ssea. O texto aprovado amplia esse benef\u00edcio para rec\u00e9m-formados que dependeram de programas sociais para concluir a gradua\u00e7\u00e3o, removendo barreiras financeiras para o acesso ao servi\u00e7o p\u00fablico.<\/p>\n<p><strong>Crit\u00e9rios para isen\u00e7\u00e3o<br \/>\n<\/strong>Pelo novo texto, a isen\u00e7\u00e3o vale para concursos de \u00f3rg\u00e3os da administra\u00e7\u00e3o direta e indireta da Uni\u00e3o. Para ter direito ao benef\u00edcio, o candidato dever\u00e1 comprovar sua condi\u00e7\u00e3o mediante documento oficial emitido pela institui\u00e7\u00e3o de ensino ou pelo \u00f3rg\u00e3o gestor dos programas.<\/p>\n<p>No entanto, o projeto estabelece que a isen\u00e7\u00e3o n\u00e3o se aplica aos candidatos que j\u00e1 quitaram integralmente seus d\u00e9bitos junto ao Fies.<\/p>\n<p><strong>Inclus\u00e3o social<br \/>\n<\/strong>A relatora destacou que a medida \u00e9 uma continuidade l\u00f3gica das pol\u00edticas de inclus\u00e3o. Dados apresentados no relat\u00f3rio apontam que a maioria dos benefici\u00e1rios desses programas pertence a grupos historicamente sub-representados, como negros e mulheres.<\/p>\n<p>&#8220;N\u00e3o seria razo\u00e1vel que o Estado, ap\u00f3s investir na forma\u00e7\u00e3o desses cidad\u00e3os, permitisse que barreiras financeiras impedissem seu acesso a oportunidades de trabalho qualificado. As taxas de inscri\u00e7\u00e3o, que frequentemente ultrapassam R$ 100,00, representam obst\u00e1culos consider\u00e1veis&#8221;, afirmou a deputada Professora Luciene Cavalcante.<\/p>\n<p><strong>Pr\u00f3ximos passos<br \/>\n<\/strong>A proposta, que tramita em <span title=\"Rito de tramita\u00e7\u00e3o pelo qual o projeto \u00e9 votado apenas pelas comiss\u00f5es designadas para analis\u00e1-lo, dispensada a delibera\u00e7\u00e3o do Plen\u00e1rio. O projeto perde o car\u00e1ter conclusivo se houver decis\u00e3o divergente entre as comiss\u00f5es ou se, independentemente de ser aprovado ou rejeitado, houver recurso assinado por 52 deputados para a aprecia\u00e7\u00e3o da mat\u00e9ria no Plen\u00e1rio.\">car\u00e1ter conclusivo<\/span>, ainda ser\u00e1 analisada pelas Comiss\u00f5es de Finan\u00e7as e Tributa\u00e7\u00e3o e de Constitui\u00e7\u00e3o e Justi\u00e7a e de Cidadania (CCJ).<\/p>\n<\/div>","protected":false},"excerpt":{"rendered":"<p>Vinicius Loures \/ C\u00e2mara dos Deputados Prof\u00aa Luciene: continuidade l\u00f3gica das pol\u00edticas de inclus\u00e3o A Comiss\u00e3o de Administra\u00e7\u00e3o e Servi\u00e7o&hellip;<\/p>\n","protected":false},"author":4,"featured_media":299628,"comment_status":"open","ping_status":"open","sticky":false,"template":"","format":"standard","meta":{"footnotes":""},"categories":[240],"tags":[],"class_list":["post-299627","post","type-post","status-publish","format-standard","has-post-thumbnail","hentry","category-camara-dos-deputados"],"_links":{"self":[{"href":"https:\/\/villanews.com.br\/index.php?rest_route=\/wp\/v2\/posts\/299627","targetHints":{"allow":["GET"]}}],"collection":[{"href":"https:\/\/villanews.com.br\/index.php?rest_route=\/wp\/v2\/posts"}],"about":[{"href":"https:\/\/villanews.com.br\/index.php?rest_route=\/wp\/v2\/types\/post"}],"author":[{"embeddable":true,"href":"https:\/\/villanews.com.br\/index.php?rest_route=\/wp\/v2\/users\/4"}],"replies":[{"embeddable":true,"href":"https:\/\/villanews.com.br\/index.php?rest_route=%2Fwp%2Fv2%2Fcomments&post=299627"}],"version-history":[{"count":0,"href":"https:\/\/villanews.com.br\/index.php?rest_route=\/wp\/v2\/posts\/299627\/revisions"}],"wp:featuredmedia":[{"embeddable":true,"href":"https:\/\/villanews.com.br\/index.php?rest_route=\/wp\/v2\/media\/299628"}],"wp:attachment":[{"href":"https:\/\/villanews.com.br\/index.php?rest_route=%2Fwp%2Fv2%2Fmedia&parent=299627"}],"wp:term":[{"taxonomy":"category","embeddable":true,"href":"https:\/\/villanews.com.br\/index.php?rest_route=%2Fwp%2Fv2%2Fcategories&post=299627"},{"taxonomy":"post_tag","embeddable":true,"href":"https:\/\/villanews.com.br\/index.php?rest_route=%2Fwp%2Fv2%2Ftags&post=299627"}],"curies":[{"name":"wp","href":"https:\/\/api.w.org\/{rel}","templated":true}]}}