{"id":299602,"date":"2026-03-20T14:32:09","date_gmt":"2026-03-20T18:32:09","guid":{"rendered":"https:\/\/villanews.com.br\/?p=299602"},"modified":"2026-03-20T14:32:09","modified_gmt":"2026-03-20T18:32:09","slug":"mendonca-e-aplaudido-por-advogados-apos-dizer-que-papel-do-bom-juiz-nao-e-ser-estrela","status":"publish","type":"post","link":"https:\/\/villanews.com.br\/?p=299602","title":{"rendered":"Mendon\u00e7a \u00e9 aplaudido por advogados ap\u00f3s dizer que \u201cpapel do bom juiz n\u00e3o \u00e9 ser estrela\u201d"},"content":{"rendered":"<div class=\"postBody_post-body-container__1KhtH\">\n<p>O ministro do Supremo Tribunal Federal (STF) Andr\u00e9 Mendon\u00e7a recebeu aplausos de um p\u00fablico de advogados ap\u00f3s, ao longo de uma palestra, defender a atua\u00e7\u00e3o \u00e9tica dos ju\u00edzes e criticar a busca por protagonismo pessoal nos julgamentos.<\/p>\n<p>As falas ocorreram no evento &#8220;Os desafios da advocacia no s\u00e9culo XXI&#8221;, promovido pela seccional do Rio de Janeiro da Ordem dos Advogados do Brasil (OAB-RJ) na tarde desta sexta-feira (20).<\/p>\n<p>&#8220;Meu grande desafio, em qualquer processo, \u00e9 entender o que \u00e9 certo, decidir de modo certo e fazer isso pelos motivos certos, ou seja, simplesmente pelo dever de fazer o certo. Por isso que eu n\u00e3o tenho a pretens\u00e3o de ser uma esperan\u00e7a ou algu\u00e9m diferente em algum sentido, com algum dom especial. N\u00e3o, eu tenho s\u00f3 expectativa de fazer o certo pelos motivos certos. E acho que esse \u00e9 o papel de um bom juiz. O papel do bom juiz n\u00e3o \u00e9 ser estrela&#8221;, destacou, no que foi interrompido pelas palmas.<\/p>\n<p>O ministro ainda lembrou que os magistrados s\u00e3o servidores p\u00fablicos, e que a condi\u00e7\u00e3o exigiria &#8220;preservar a rela\u00e7\u00e3o de confian\u00e7a que a sociedade e o cidad\u00e3o depositam&#8221; nela. &#8220;A cada dia, a cada decis\u00e3o, procurar ter em mente a responsabilidade nossa com a Justi\u00e7a, com a Constitui\u00e7\u00e3o, com o pa\u00eds, com a sociedade&#8221;, completou.<\/p>\n<p>Antes disso, logo no in\u00edcio de sua fala, Mendon\u00e7a declarou que n\u00e3o pretende ser &#8220;salvador de nada&#8221;, pelo que foi tamb\u00e9m aplaudido.  Eu entendo que \u00e9 um m\u00fanus p\u00fablico, ali h\u00e1 muito mais responsabilidade e deveres do que prerrogativas e poderes&#8221;, concluiu, recebendo mais aplausos.<\/p>\n<p>VEJA TAMB\u00c9M:<\/p>\n<h2>Ministro substituiu Toffoli no caso Master em meio a crise de credibilidade<\/h2>\n<p><img decoding=\"async\" src=\"https:\/\/media.gazetadopovo.com.br\/2026\/03\/20150819\/Moraes-e-Toffoli-assustados.jpg.webp\" \/><i>Moraes e Toffoli aparecem em celular de Daniel Vorcaro. Oposi\u00e7\u00e3o intensifica ofensiva por impeachment.  (Foto: Victor Piemonte\/STF)<\/i><\/p>\n<p>As declara\u00e7\u00f5es ocorrem em meio a uma crise de credibilidade que levou o presidente do Supremo, ministro Edson Fachin, a intensificar sua articula\u00e7\u00e3o em prol de um c\u00f3digo de \u00e9tica. Mendon\u00e7a acabou inclu\u00eddo nos esfor\u00e7os para aplacar as cr\u00edticas ao assumir, no lugar do ministro Dias Toffoli, a relatoria do caso Master.<\/p>\n<p>A Pol\u00edcia Federal (PF) chegou a pedir o afastamento de Toffoli do caso a Fachin. O afastamento ocorreu, mas os ministros decidiram n\u00e3o coloc\u00e1-lo como um acatamento do pedido da investiga\u00e7\u00e3o: ap\u00f3s uma reuni\u00e3o, anunciaram que o pr\u00f3prio Toffoli, mesmo apoiado pelos nove magistrados, decidiu deixar o caso por conta pr\u00f3pria.<\/p>\n<p>Conforme as investiga\u00e7\u00f5es avan\u00e7aram, as conex\u00f5es do banqueiro Daniel Vorcaro, dono do Master, chegaram tamb\u00e9m a Alexandre de Moraes. O ministro tem negado qualquer di\u00e1logo, mas seu contato, o de sua esposa, Viviane Barci, e do seu s\u00f3cio, o advogado M\u00e1gino Alves Barbosa Filho, aparecem no celular de Vorcaro.<\/p>\n<\/div>","protected":false},"excerpt":{"rendered":"<p>O ministro do Supremo Tribunal Federal (STF) Andr\u00e9 Mendon\u00e7a recebeu aplausos de um p\u00fablico de advogados ap\u00f3s, ao longo de&hellip;<\/p>\n","protected":false},"author":4,"featured_media":299512,"comment_status":"open","ping_status":"open","sticky":false,"template":"","format":"standard","meta":{"footnotes":""},"categories":[5],"tags":[],"class_list":["post-299602","post","type-post","status-publish","format-standard","has-post-thumbnail","hentry","category-politica"],"_links":{"self":[{"href":"https:\/\/villanews.com.br\/index.php?rest_route=\/wp\/v2\/posts\/299602","targetHints":{"allow":["GET"]}}],"collection":[{"href":"https:\/\/villanews.com.br\/index.php?rest_route=\/wp\/v2\/posts"}],"about":[{"href":"https:\/\/villanews.com.br\/index.php?rest_route=\/wp\/v2\/types\/post"}],"author":[{"embeddable":true,"href":"https:\/\/villanews.com.br\/index.php?rest_route=\/wp\/v2\/users\/4"}],"replies":[{"embeddable":true,"href":"https:\/\/villanews.com.br\/index.php?rest_route=%2Fwp%2Fv2%2Fcomments&post=299602"}],"version-history":[{"count":0,"href":"https:\/\/villanews.com.br\/index.php?rest_route=\/wp\/v2\/posts\/299602\/revisions"}],"wp:featuredmedia":[{"embeddable":true,"href":"https:\/\/villanews.com.br\/index.php?rest_route=\/wp\/v2\/media\/299512"}],"wp:attachment":[{"href":"https:\/\/villanews.com.br\/index.php?rest_route=%2Fwp%2Fv2%2Fmedia&parent=299602"}],"wp:term":[{"taxonomy":"category","embeddable":true,"href":"https:\/\/villanews.com.br\/index.php?rest_route=%2Fwp%2Fv2%2Fcategories&post=299602"},{"taxonomy":"post_tag","embeddable":true,"href":"https:\/\/villanews.com.br\/index.php?rest_route=%2Fwp%2Fv2%2Ftags&post=299602"}],"curies":[{"name":"wp","href":"https:\/\/api.w.org\/{rel}","templated":true}]}}