{"id":299593,"date":"2026-03-20T14:36:45","date_gmt":"2026-03-20T18:36:45","guid":{"rendered":"https:\/\/villanews.com.br\/?p=299593"},"modified":"2026-03-20T14:36:45","modified_gmt":"2026-03-20T18:36:45","slug":"lira-lanca-pre-candidatura-ao-senado-por-alagoas-e-tenta-amarrar-partidos-da-direita","status":"publish","type":"post","link":"https:\/\/villanews.com.br\/?p=299593","title":{"rendered":"Lira lan\u00e7a pr\u00e9-candidatura ao Senado por Alagoas e tenta amarrar partidos da direita"},"content":{"rendered":"<div class=\"postBody_post-body-container__1KhtH\">\n<p>O deputado federal Arthur Lira (PP-AL) lan\u00e7ou nesta sexta-feira (20) a pr\u00e9-candidatura ao Senado por Alagoas, mirando uma das duas vagas em disputa nas elei\u00e7\u00f5es de 2026. O parlamentar tenta articular uma alian\u00e7a para unificar for\u00e7as da direita no estado, em meio a diverg\u00eancias internas entre partidos aliados.<\/p>\n<p>Em discurso, Lira fez um balan\u00e7o de sua atua\u00e7\u00e3o \u00e0 frente da C\u00e2mara e indicou que pretende levar ao Senado uma agenda voltada \u00e0 constru\u00e7\u00e3o de consensos.<\/p>\n<p>\u201cProponho uma pauta construtiva. Como deputado, tive a honra e o prazer de ter dois mandatos com o voto do povo e aprovar diversos projetos em dois governos [Bolsonaro e Lula] diferentes\u201d, afirmou.<\/p>\n<p>VEJA TAMB\u00c9M:<\/p>\n<p>Durante o evento, Lira tamb\u00e9m revelou que seu filho, \u00c1lvaro Lira, de 18 anos, deve disputar uma vaga de deputado federal por Alagoas e reconheceu o cen\u00e1rio fragmentado entre partidos de direita no estado. O parlamentar afirmou que a pr\u00e9-candidatura ainda est\u00e1 em fase inicial de consolida\u00e7\u00e3o<\/p>\n<p>\u201cAgora, \u00e9 momento de entendimentos, di\u00e1logo. As legendas est\u00e3o conversando para que Alagoas saia ganhando nesse cen\u00e1rio pol\u00edtico\u201d, declarou.<\/p>\n<p>Entre as diferen\u00e7as da direita em Alagoas est\u00e1 o prefeito de Macei\u00f3, Jo\u00e3o Henrique Caldas (PL), que n\u00e3o compareceu ao evento e participou de outras agendas na capital ao lado de lideran\u00e7as. Lira evitou especula\u00e7\u00f5es e afirmou que o momento \u00e9 de di\u00e1logo.<\/p>\n<p>VEJA TAMB\u00c9M:<\/p>\n<p>Com quatro mandatos consecutivos como deputado federal desde 2011, Lira consolidou-se como uma das principais lideran\u00e7as do Congresso Nacional, orbitando da direita \u00e0 esquerda. Em 2023, foi reeleito presidente da C\u00e2mara com vota\u00e7\u00e3o recorde, somando 464 votos.<\/p>\n<p>Ao longo da carreira, transitou por diferentes siglas e ocupou posi\u00e7\u00f5es estrat\u00e9gicas, incluindo a lideran\u00e7a do PP e o comando de comiss\u00f5es relevantes como Constitui\u00e7\u00e3o e Justi\u00e7a e do Or\u00e7amento. Ele posou ao lado de <a href=\"https:\/\/www.gazetadopovo.com.br\/tudo-sobre\/jair-bolsonaro\/\">Jair Bolsonaro<\/a> (PL) e de <a href=\"https:\/\/www.gazetadopovo.com.br\/tudo-sobre\/lula\/\">Luiz In\u00e1cio Lula da Silva<\/a> (PT) durante os respectivos governos e ajudou na articula\u00e7\u00e3o pol\u00edtica a favor do petista em v\u00e1rios projetos ao longo do ano passado &#8212; entre eles a relatoria do projeto que<a href=\"https:\/\/www.gazetadopovo.com.br\/republica\/comissao-aprova-isencao-imposto-renda-5-mil\/\"> isentou do Imposto de Renda os trabalhadores que ganham at\u00e9 R$ 5 mil<\/a>.<\/p>\n<\/div>","protected":false},"excerpt":{"rendered":"<p>O deputado federal Arthur Lira (PP-AL) lan\u00e7ou nesta sexta-feira (20) a pr\u00e9-candidatura ao Senado por Alagoas, mirando uma das duas&hellip;<\/p>\n","protected":false},"author":4,"featured_media":299510,"comment_status":"open","ping_status":"open","sticky":false,"template":"","format":"standard","meta":{"footnotes":""},"categories":[204],"tags":[],"class_list":["post-299593","post","type-post","status-publish","format-standard","has-post-thumbnail","hentry","category-ultimas-noticias"],"_links":{"self":[{"href":"https:\/\/villanews.com.br\/index.php?rest_route=\/wp\/v2\/posts\/299593","targetHints":{"allow":["GET"]}}],"collection":[{"href":"https:\/\/villanews.com.br\/index.php?rest_route=\/wp\/v2\/posts"}],"about":[{"href":"https:\/\/villanews.com.br\/index.php?rest_route=\/wp\/v2\/types\/post"}],"author":[{"embeddable":true,"href":"https:\/\/villanews.com.br\/index.php?rest_route=\/wp\/v2\/users\/4"}],"replies":[{"embeddable":true,"href":"https:\/\/villanews.com.br\/index.php?rest_route=%2Fwp%2Fv2%2Fcomments&post=299593"}],"version-history":[{"count":0,"href":"https:\/\/villanews.com.br\/index.php?rest_route=\/wp\/v2\/posts\/299593\/revisions"}],"wp:featuredmedia":[{"embeddable":true,"href":"https:\/\/villanews.com.br\/index.php?rest_route=\/wp\/v2\/media\/299510"}],"wp:attachment":[{"href":"https:\/\/villanews.com.br\/index.php?rest_route=%2Fwp%2Fv2%2Fmedia&parent=299593"}],"wp:term":[{"taxonomy":"category","embeddable":true,"href":"https:\/\/villanews.com.br\/index.php?rest_route=%2Fwp%2Fv2%2Fcategories&post=299593"},{"taxonomy":"post_tag","embeddable":true,"href":"https:\/\/villanews.com.br\/index.php?rest_route=%2Fwp%2Fv2%2Ftags&post=299593"}],"curies":[{"name":"wp","href":"https:\/\/api.w.org\/{rel}","templated":true}]}}