{"id":299576,"date":"2026-03-20T15:07:39","date_gmt":"2026-03-20T19:07:39","guid":{"rendered":"https:\/\/villanews.com.br\/?p=299576"},"modified":"2026-03-20T15:07:39","modified_gmt":"2026-03-20T19:07:39","slug":"frases-o-brasil-tem-uma-divida-para-com-vossa-excelencia-ministro-alexandre","status":"publish","type":"post","link":"https:\/\/villanews.com.br\/?p=299576","title":{"rendered":"Frases: \u201cO Brasil tem uma d\u00edvida para com vossa excel\u00eancia, Ministro Alexandre\u201d"},"content":{"rendered":"<div class=\"postBody_post-body-container__1KhtH\">\n<p>\u201cSeu \u00f3dio vai ser meu estudo, vai virar um artigo cient\u00edfico\u201d \u2014 <strong>Marcia Barbosa<\/strong>, reitora da UFRGS, respondendo aos cr\u00edticos de sua gest\u00e3o lacradora. A ci\u00eancia brasileira est\u00e1 voando: a gente esperando a cura da paralisia, mas a prioridade \u00e9 TCC sobre <em>hater<\/em> de internet.\u00a0<\/p>\n<p>\u201cChegando \u00e0 Presid\u00eancia, eu fa\u00e7o uma anistia ampla, geral e irrestrita\u201d \u2014 <strong>Ronaldo Caiado<\/strong>, governador de Goi\u00e1s (PSD) e pr\u00e9-candidato \u00e0 Presid\u00eancia. S\u00f3 cuidado para esse \u201cirrestrita\u201d n\u00e3o acabar incluindo os enrolados com o Banco Master e o INSS.\u00a0\u00a0<\/p>\n<p>\u201cEu queria fazer um pedido pra todo mundo que puder, hoje da meia-noite \u00e0s seis da manh\u00e3, vamos fazer um jejum\u201d \u2014 <strong><a href=\"http:\/\/frases%20da%20semana\/\">Fl\u00e1vio Bolsonaro<\/a><\/strong>, senador (PL-RJ) e pr\u00e9-candidato \u00e0 Presid\u00eancia, convocando apoiadores a jejuar pelo pai. Enfim um dever c\u00edvico que voc\u00ea pode fazer de olhos fechados. Roncando. E, se bobear, babando no travesseiro.<\/p>\n<p>\u201cSem as tias do zap e os tios do churrasco, Fl\u00e1vio Bolsonaro jamais estaria onde est\u00e1. Ent\u00e3o surge na sala o engravatado vagabundo achando que todo mundo quer arrancar sua calcinha pra tra\u00e7ar seu bumbum guloso\u201d \u2014 <strong>Carlos Bolsonaro<\/strong>, vereador (PL-RJ), em post enigm\u00e1tico. O Fl\u00e1vio bem que poderia aproveitar o embalo e receitar uma dieta para o irm\u00e3o: um regime de Twitter sem gl\u00fateos.\u00a0<\/p>\n<p>\u201cOs adolescentes que t\u00eam cometido os atos com maior viol\u00eancia, com maior crueldade, com maior atrocidade, s\u00e3o aqueles que est\u00e3o no topo da pir\u00e2mide da desigualdade social\u201d \u2014 <strong>Vanessa Cavalieri<\/strong>, ju\u00edza da Vara da Inf\u00e2ncia e da Juventude do RJ. Olha, essa turminha no topo da pir\u00e2mide que anda cometendo as maiores atrocidades no pa\u00eds n\u00e3o \u00e9 bem adolescente&#8230; est\u00e3o mais para m\u00famias mesmo.\u00a0<\/p>\n<p>\u201cFui um presidente impopular, mas sou um ex-presidente popular\u00edssimo\u201d \u2014 <strong>Michel Temer<\/strong>, ex-presidente preso na Lava Jato. Se sumir do mapa de vez, ent\u00e3o, capaz de virar santo.\u00a0<\/p>\n<p>\u201cOs EUA v\u00e3o governar o Brasil se Fl\u00e1vio derrotar Lula\u201d \u2014 <strong>Jos\u00e9 Dirceu<\/strong>, ex-presidi\u00e1rio. A gente s\u00f3 espera que a China passe a faixa para os EUA seguindo rigorosamente o rito democr\u00e1tico.\u00a0<\/p>\n<p>\u201cSe algum dia surgir alguma den\u00fancia que seja comprovada, eu renuncio ao meu mandato\u201d \u2014 <strong>Ciro Nogueira<\/strong>, senador (PP-PI), sobre liga\u00e7\u00e3o com Daniel Vorcaro. \u00c9 a velha t\u00e1tica de renunciar para n\u00e3o ser cassado&#8230;\u00a0<\/p>\n<p>\u201cUma \u00e9 a minha!\u201d \u2013 <strong>Valmir Moretto<\/strong>, deputado estadual (Republicanos-MT), comemorando vit\u00f3ria de sua suposta empresa em licita\u00e7\u00e3o. Finalmente uma licita\u00e7\u00e3o 100% transparente neste pa\u00eds!\u00a0<\/p>\n<p>\u201cEntre Lula e Fl\u00e1vio, s\u00f3 um amea\u00e7a a democracia: Fl\u00e1vio\u201d \u2014 <strong>Reinaldo Azevedo<\/strong>, blogueiro. E eu achando que o Fl\u00e1vio era um democrata. Mas vai que ele resolve virar a casaca, n\u00e9? E disso ningu\u00e9m entende melhor do que o Reinaldo.<\/p>\n<p>\u201cKim Jong-un vence elei\u00e7\u00f5es com 99,93% dos votos\u201d \u2014 informa a <strong>M\u00eddia Estatal Norte-Coreana<\/strong>. Calma, pessoal! \u00c9 s\u00f3 esperar entrarem os votos do Nordeste que ele passa dos 110% com folga.<\/p>\n<p>\u201cJesus Cristo n\u00e3o tem vantagem sobre Genghis Khan, porque se voc\u00ea for forte o suficiente, implac\u00e1vel o suficiente, poderoso o suficiente, o mal vencer\u00e1 o bem\u201d \u2014 <strong>Benjamin Netanyahu<\/strong>, primeiro-ministro de Israel. Ok. Ent\u00e3o, da pr\u00f3xima vez que precisar de m\u00edsseis e muni\u00e7\u00e3o, vai passar o pires na Mong\u00f3lia em vez de fazer lobby no Ocidente.\u00a0<\/p>\n<p>\u201cDecidimos dividir o oceano com o Ir\u00e3. Deixamos para eles a metade de baixo\u201d \u2014 <strong>Pete Hegseth<\/strong>, secret\u00e1rio da Guerra dos EUA. Desde a Ponte da Amizade, onde o Brasil entrou com a ponte e o Paraguai com a amizade, n\u00e3o v\u00edamos uma coopera\u00e7\u00e3o internacional t\u00e3o afinada.\u00a0<\/p>\n<p>\u201cRecebi o honroso t\u00edtulo de Embaixador do Hip Hop\u201d \u2014 <strong>Eduardo Suplicy<\/strong>, senador (PT-SP). Quando eu vi o Suplicy na embaixada, pensei que fosse um caso de asilo pol\u00edtico. Literalmente.\u00a0<\/p>\n<p>\u201cWagner Moura \u00e9 o Marlon Brando do Pelourinho\u201d \u2014 <strong>Fernanda Torres<\/strong>, atriz. E nesse pelourinho, quem fica no tronco sofrendo o castigo \u00e9 o espectador.\u00a0<\/p>\n<p>\u201cVoc\u00ea est\u00e1 falando com a pessoa errada\u201d \u2014 mensagem atribu\u00edda a <strong><a href=\"http:\/\/frases%20da%20semana\/\">Fernando Haddad<\/a><\/strong>, ministro da Fazenda, rejeitando suposto contato de Daniel Vorcaro. Esses assuntos, s\u00f3 tratando diretamente com o chefe.<\/p>\n<h2>A Semana do Janjo\u00a0<\/h2>\n<p>\u201cAquele americano que vinha para visitar o Bolsonaro, eu o proibi de vir ao Brasil, enquanto n\u00e3o liberar os vistos do meu ministro da Sa\u00fade\u201d \u2014 <strong>Lula<\/strong>, admitindo que barrou a entrada no Brasil de Darren Beattie, assessor do governo Trump. Isso a\u00ed! N\u00e3o \u00e9 porque o Brasil d\u00e1 asilo para terrorista, manda jatinho da FAB buscar pol\u00edtica corrupta e envia condol\u00eancias pro Hamas que a nossa diplomacia virou bagun\u00e7a, n\u00e9? Tudo tem limite!\u00a0<\/p>\n<p>\u201cIrm\u00e3o Lula, o presidente de direita da Bol\u00edvia, Rodrigo Paz, n\u00e3o apenas fala mal de voc\u00ea, como tamb\u00e9m \u00e9 amigo de Trump e Bolsonaro\u201d \u2014 <strong>Evo Morales<\/strong>, ex-presidente da Bol\u00edvia. Al\u00e9m de cocaleiro, tamb\u00e9m \u00e9 fofoqueiro?\u00a0<\/p>\n<p>\u201cEu mesmo n\u00e3o concordo com o regime do Ir\u00e3. Mas a gente precisa respeitar a autodetermina\u00e7\u00e3o dos povos\u201d \u2014 <strong>Lula<\/strong>, defendendo ditadura iraniana. Afinal, \u00e9 um direito inalien\u00e1vel de toda ditadura poder oprimir o pr\u00f3prio povo em paz.\u00a0<\/p>\n<p>\u201cAs pessoas t\u00eam que aprender a tirar a bunda da cadeira e andar um pouco\u201d \u2014 <strong>Lula<\/strong>, ao anunciar distribui\u00e7\u00e3o gratuita de rem\u00e9dio contra a obesidade pelo SUS. N\u00e3o tem pra Ozempic, nem pra Mounjaro, a caneta emagrecedora mais eficiente do mundo \u00e9 a do Haddad: j\u00e1 fez a picanha sumir da geladeira e botou o pa\u00eds inteiro num regime for\u00e7ado.\u00a0<\/p>\n<h2>Master Tribunal Federal\u00a0<\/h2>\n<p>\u201cUma on\u00e7a n\u00e3o \u2018deson\u00e7a\u2019, uma zebra n\u00e3o \u2018dezebra\u2019, como o ser humano se desumaniza?\u201d \u2014 <strong>C\u00e1rmen L\u00facia<\/strong>, ministra do Supremo (STF-MG), em profunda reflex\u00e3o sobre a condi\u00e7\u00e3o humana. A on\u00e7a n\u00e3o \u2018deson\u00e7a\u2019,\u00a0 a zebra n\u00e3o \u2018dezebra\u2019, o Lula n\u00e3o \u2018deslula\u2019&#8230; E, infelizmente, com esse STF, o Brasil n\u00e3o \u2018desbrasiliza\u2019 t\u00e3o cedo&#8230;\u00a0<\/p>\n<p>\u201cEm qualquer pa\u00eds s\u00e9rio do mundo, o ministro Alexandre de Moraes estaria afastado do cargo\u201d \u2014 <strong>Carlos Viana<\/strong>, senador (Podemos-MG) e presidente da CPMI do INSS, sobre a rela\u00e7\u00e3o entre o ministro do STF e Daniel Vorcaro. E nem precisa ser um pa\u00eds t\u00e3o s\u00e9rio assim. Em qualquer rep\u00fablica das bananas que se preze, isso j\u00e1 teria acontecido faz tempo.\u00a0<\/p>\n<p>\u201cEsse ministro Alexandre, ele n\u00e3o ficaria mal na cadeia\u201d \u2014 <strong>Pedro Simon<\/strong>, ex-senador, sobre os esc\u00e2ndalos do STF. N\u00e3o sei, n\u00e3o&#8230; Dizem que na cadeia os detentos seguem um rigoroso c\u00f3digo de \u00e9tica. O que, convenhamos, n\u00e3o \u00e9 o forte do enrolad\u00edssimo ministro.<\/p>\n<p>\u201cAgora de manh\u00e3, me comunicaram que mandaram uma bomba pra me matar\u201d \u2014 <strong>C\u00e1rmen L\u00facia<\/strong>, ministra do Supremo (STF-MG), sobre suposta amea\u00e7a de atentado que teria recebido, durante palestra em universidade. Imaginem o tamanho da trag\u00e9dia: ia deixar uns setenta e quatro gatos \u00f3rf\u00e3os de uma vez s\u00f3.\u00a0<\/p>\n<p>\u201cDeus me livre de ser julgada por juiz que n\u00e3o seja imparcial e \u00e9tico\u201d \u2014 <strong>C\u00e1rmen L\u00facia<\/strong>. Pronto, l\u00e1 se v\u00e3o nossas esperan\u00e7as de que ela bote a m\u00e3o na consci\u00eancia e fa\u00e7a uma autocr\u00edtica.\u00a0\u00a0<\/p>\n<p>\u201cO Brasil tem uma d\u00edvida para com vossa excel\u00eancia, Ministro Alexandre\u201d \u2014 <strong>Gilmar Mendes<\/strong>, ministro do Supremo (STF-MT), parabenizando o colega Alexandre Barci de Moraes pelos nove anos de STF. Algu\u00e9m tem o contato de um agiota de confian\u00e7a? Prefiro rolar essa d\u00edvida com algu\u00e9m mais razo\u00e1vel.\u00a0<\/p>\n<p>\u201cUma ju\u00edza italiana me abordou e disse, sem disfar\u00e7ar a admira\u00e7\u00e3o: \u2018Ent\u00e3o s\u00e3o voc\u00eas que comp\u00f5em o tribunal que enfrentou Elon Musk, o homem mais poderoso do mundo?\u2019\u201d \u2014 <strong>Gilmar Mendes<\/strong>, narrando suposto encontro em uma de suas muitas viagens. Era uma Corte muito engra\u00e7ada \/ Que de Justi\u00e7a, n\u00e3o tinha nada \/ Levava vaias do cidad\u00e3o\u00a0 \/ E elogios na fic\u00e7\u00e3o.\u00a0<\/p>\n<h2>Sem coment\u00e1rios<\/h2>\n<p>\u201cErika Hilton biologicamente \u00e9 um homem, isso \u00e9 fato. Mas n\u00e3o aceita que falem isso e usa a repress\u00e3o estatal. Extremamente autorit\u00e1ria\u201d \u2014 <strong>Dem\u00e9trio Magnoli<\/strong>, jornalista.<\/p>\n<p>\u201cA burguesia faz do Brasil um verdadeiro manic\u00f4mio. Mudan\u00e7a de sexo: sem idade m\u00ednima. Com 14 anos o jovem pode fazer sexo com maiores de idade. Com 16 pode votar para presidente. Mas tem que ter 18 pra jogar videogame\u201d \u2014 <strong>Partido da Causa Oper\u00e1ria (PCO)<\/strong>, em postagem no X.<\/p>\n<p>\u201cAgora aos 32 anos decido me travestir como uma pessoa negra. Eu virei negra? Eu senti o desprezo da sociedade por uma pessoa negra que jamais deveria existir?\u201d \u2014 <strong>Fabiana Bolsonaro<\/strong>, deputada estadual (PL-SP).<\/p>\n<p>\u201cErika Hilton na Comiss\u00e3o da Mulher exp\u00f5e racha\u201d \u2014 manchete da <strong>Folha de S.Paulo<\/strong>.<\/p>\n<\/div>","protected":false},"excerpt":{"rendered":"<p>\u201cSeu \u00f3dio vai ser meu estudo, vai virar um artigo cient\u00edfico\u201d \u2014 Marcia Barbosa, reitora da UFRGS, respondendo aos cr\u00edticos&hellip;<\/p>\n","protected":false},"author":4,"featured_media":299577,"comment_status":"open","ping_status":"open","sticky":false,"template":"","format":"standard","meta":{"footnotes":""},"categories":[204],"tags":[],"class_list":["post-299576","post","type-post","status-publish","format-standard","has-post-thumbnail","hentry","category-ultimas-noticias"],"_links":{"self":[{"href":"https:\/\/villanews.com.br\/index.php?rest_route=\/wp\/v2\/posts\/299576","targetHints":{"allow":["GET"]}}],"collection":[{"href":"https:\/\/villanews.com.br\/index.php?rest_route=\/wp\/v2\/posts"}],"about":[{"href":"https:\/\/villanews.com.br\/index.php?rest_route=\/wp\/v2\/types\/post"}],"author":[{"embeddable":true,"href":"https:\/\/villanews.com.br\/index.php?rest_route=\/wp\/v2\/users\/4"}],"replies":[{"embeddable":true,"href":"https:\/\/villanews.com.br\/index.php?rest_route=%2Fwp%2Fv2%2Fcomments&post=299576"}],"version-history":[{"count":0,"href":"https:\/\/villanews.com.br\/index.php?rest_route=\/wp\/v2\/posts\/299576\/revisions"}],"wp:featuredmedia":[{"embeddable":true,"href":"https:\/\/villanews.com.br\/index.php?rest_route=\/wp\/v2\/media\/299577"}],"wp:attachment":[{"href":"https:\/\/villanews.com.br\/index.php?rest_route=%2Fwp%2Fv2%2Fmedia&parent=299576"}],"wp:term":[{"taxonomy":"category","embeddable":true,"href":"https:\/\/villanews.com.br\/index.php?rest_route=%2Fwp%2Fv2%2Fcategories&post=299576"},{"taxonomy":"post_tag","embeddable":true,"href":"https:\/\/villanews.com.br\/index.php?rest_route=%2Fwp%2Fv2%2Ftags&post=299576"}],"curies":[{"name":"wp","href":"https:\/\/api.w.org\/{rel}","templated":true}]}}