{"id":299557,"date":"2026-03-20T14:35:59","date_gmt":"2026-03-20T18:35:59","guid":{"rendered":"https:\/\/villanews.com.br\/?p=299557"},"modified":"2026-03-20T14:35:59","modified_gmt":"2026-03-20T18:35:59","slug":"vanderlei-luxemburgo-e-internado-em-uti-apos-mal-estar","status":"publish","type":"post","link":"https:\/\/villanews.com.br\/?p=299557","title":{"rendered":"Vanderlei Luxemburgo \u00e9 internado em UTI ap\u00f3s mal-estar"},"content":{"rendered":"<div class=\"text-darkgray lg:w-2\/3\">\n<h2>Treinador de 73 anos tem quadro est\u00e1vel e deve receber alta &#8216;em breve&#8217;, diz assessoria; \u00faltimo trabalho de Vanderlei Luxemburgo foi \u00e0 frente do Corinthians, em 2023   <\/h2>\n<p><img decoding=\"async\" src=\"https:\/\/media-manager.noticiasaominuto.com.br\/960\/naom_5a68a7b42ec4a.webp\" \/><\/p>\n<p>\u00a9 Getty Images<\/p>\n<p><img decoding=\"async\" src=\"https:\/\/noticiasaominutobr-img.com\/team\/naom.png\" \/><\/p>\n<p><span><br \/>\n                    20\/03\/2026 15:35 \u2027<br \/>\n                    h\u00e1 25 minutos<br \/>\n                    por Folhapress<br \/>\n                <\/span><\/p>\n<p>\n                        Esporte\n                    <\/p>\n<p>\n<a href=\"https:\/\/www.noticiasaominuto.com.br\/esporte\/tag\/emergencia-medica\"><br \/>\n                                Emerg\u00eancia M\u00e9dica<br \/>\n                            <\/a>\n<\/p>\n<div class=\"article-content mb-24 font-slab text-paragraph font-light\">\n<p><span>S<\/span>\u00c3O PAULO, SP (FOLHAPRESS) &#8211; O treinador Vanderlei Luxemburgo, 73, foi internado na madrugada desta sexta-feira (19) em Palmas ap\u00f3s sentir um mal-estar durante a noite, com a suspeita de infec\u00e7\u00e3o pulmonar.<\/p>\n<p>                                                        \u00a0<\/p>\n<p>O ex-t\u00e9cnico da sele\u00e7\u00e3o brasileira est\u00e1 em observa\u00e7\u00e3o no Hospital Santa Thereza, onde realizar\u00e1 bateria de exames, de acordo com sua assessoria.<\/p>\n<p>&#8220;O professor permanece em observa\u00e7\u00e3o por orienta\u00e7\u00e3o m\u00e9dica e dever\u00e1 receber alta em breve&#8221;, informou a assessoria. &#8220;O quadro \u00e9 est\u00e1vel, sem qualquer motivo para preocupa\u00e7\u00e3o.&#8221;<\/p>\n<p>Um dos principais treinadores brasileiros nos anos 1990 e 2000, Luxemburgo ganhou proje\u00e7\u00e3o no cen\u00e1rio nacional no comando do Bragantino, tendo conquistado o t\u00edtulo da S\u00e9rie B do Campeonato Brasileiro de 1989 e do Campeonato Paulista de 1990.<\/p>\n<p>Em S\u00e3o Paulo, comandou em diferentes passagens Palmeiras, Corinthians e Santos, com a conquista de quatro edi\u00e7\u00f5es do Campeonato Brasileiro.<\/p>\n<p>Assumiu o comando da sele\u00e7\u00e3o brasileira em 1998, com a conquista da Copa Am\u00e9rica no ano seguinte. Acabou marcado pela elimina\u00e7\u00e3o para Camar\u00f5es nas quartas de final dos Jogos Ol\u00edmpicos de 2000.<\/p>\n<p>Seu \u00faltimo trabalho como treinador foi no Corinthians, em 2023.<\/p>\n<p><img decoding=\"async\" src=\"https:\/\/media-manager.noticiasaominuto.com\/640\/naom_66c60a359a106.jpg\" \/><\/p>\n<h2><a href=\"https:\/\/www.noticiasaominuto.com.br\/esporte\/2368374\/hugo-souza-e-convocado-para-selecao-apos-corte-de-alisson-por-lesao\"> Hugo Souza \u00e9 convocado para sele\u00e7\u00e3o ap\u00f3s corte de Alisson por les\u00e3o <\/a><\/h2>\n<p>Convocado de \u00faltima hora, goleiro vive boa fase e ganha chance antes da Copa; Hugo se junta a Ederson e Bento na sele\u00e7\u00e3o brasileira<\/p>\n<p><small> Folhapress | 14:36 &#8211; 20\/03\/2026 <\/small><\/p>\n<\/div>\n<p>\n            Partilhe a not\u00edcia\n        <\/p>\n<\/div>","protected":false},"excerpt":{"rendered":"<p>Treinador de 73 anos tem quadro est\u00e1vel e deve receber alta &#8216;em breve&#8217;, diz assessoria; \u00faltimo trabalho de Vanderlei Luxemburgo&hellip;<\/p>\n","protected":false},"author":4,"featured_media":299558,"comment_status":"open","ping_status":"open","sticky":false,"template":"","format":"standard","meta":{"footnotes":""},"categories":[6],"tags":[],"class_list":["post-299557","post","type-post","status-publish","format-standard","has-post-thumbnail","hentry","category-esportes"],"_links":{"self":[{"href":"https:\/\/villanews.com.br\/index.php?rest_route=\/wp\/v2\/posts\/299557","targetHints":{"allow":["GET"]}}],"collection":[{"href":"https:\/\/villanews.com.br\/index.php?rest_route=\/wp\/v2\/posts"}],"about":[{"href":"https:\/\/villanews.com.br\/index.php?rest_route=\/wp\/v2\/types\/post"}],"author":[{"embeddable":true,"href":"https:\/\/villanews.com.br\/index.php?rest_route=\/wp\/v2\/users\/4"}],"replies":[{"embeddable":true,"href":"https:\/\/villanews.com.br\/index.php?rest_route=%2Fwp%2Fv2%2Fcomments&post=299557"}],"version-history":[{"count":0,"href":"https:\/\/villanews.com.br\/index.php?rest_route=\/wp\/v2\/posts\/299557\/revisions"}],"wp:featuredmedia":[{"embeddable":true,"href":"https:\/\/villanews.com.br\/index.php?rest_route=\/wp\/v2\/media\/299558"}],"wp:attachment":[{"href":"https:\/\/villanews.com.br\/index.php?rest_route=%2Fwp%2Fv2%2Fmedia&parent=299557"}],"wp:term":[{"taxonomy":"category","embeddable":true,"href":"https:\/\/villanews.com.br\/index.php?rest_route=%2Fwp%2Fv2%2Fcategories&post=299557"},{"taxonomy":"post_tag","embeddable":true,"href":"https:\/\/villanews.com.br\/index.php?rest_route=%2Fwp%2Fv2%2Ftags&post=299557"}],"curies":[{"name":"wp","href":"https:\/\/api.w.org\/{rel}","templated":true}]}}