{"id":299543,"date":"2026-03-20T14:53:00","date_gmt":"2026-03-20T18:53:00","guid":{"rendered":"https:\/\/villanews.com.br\/?p=299543"},"modified":"2026-03-20T14:53:00","modified_gmt":"2026-03-20T18:53:00","slug":"comissao-aprova-margem-de-preferencia-de-ate-30-para-produtos-nacionais-em-compras-publicas","status":"publish","type":"post","link":"https:\/\/villanews.com.br\/?p=299543","title":{"rendered":"Comiss\u00e3o aprova margem de prefer\u00eancia de at\u00e9 30% para produtos nacionais em compras p\u00fablicas"},"content":{"rendered":"<article class=\"g-artigo artigo--noticia\">\n<span>Economia<\/span>\n<h1>Comiss\u00e3o aprova margem de prefer\u00eancia de at\u00e9 30% para produtos nacionais em compras p\u00fablicas<\/h1>\n<p> O projeto de lei segue em an\u00e1lise na C\u00e2mara dos Deputados<\/p>\n<div>\n<p>\n                      20\/03\/2026 &#8211; 15:53 \u00a0\n                    <\/p>\n<p><em>Kayo Magalh\u00e3es\/C\u00e2mara dos Deputados<\/em><br \/>\n<img decoding=\"async\" src=\"https:\/\/www.camara.leg.br\/midias\/image\/2026\/03\/img20260204115952173-2-768x473.jpg\" \/><\/p>\n<div>Jadyel Alencar: mercado de compras governamentais representa 12,5% do PIB<\/div>\n<p>A Comiss\u00e3o de Desenvolvimento Econ\u00f4mico da C\u00e2mara dos Deputados aprovou projeto de lei que torna obrigat\u00f3ria a aplica\u00e7\u00e3o de margens de prefer\u00eancia em licita\u00e7\u00f5es p\u00fablicas, permitindo que o governo pague at\u00e9 20% a mais por produtos manufaturados nacionais e at\u00e9 30% a mais por bens resultantes de inova\u00e7\u00e3o tecnol\u00f3gica no Pa\u00eds \u2013 a medida visa utilizar o poder de compra do Estado para fortalecer a ind\u00fastria brasileira.<\/p>\n<p>O colegiado aprovou o parecer favor\u00e1vel do relator, deputado Jadyel Alencar (Republicanos-PI), ao Projeto de Lei 3558\/25, do deputado Vitor Lippi (PSDB-SP).<\/p>\n<p>O relator destacou que o mercado de compras governamentais representa cerca de 12,5% do PIB brasileiro. &#8220;Direcionar parte desse poder de compra para bens e servi\u00e7os nacionais pode contribuir para reverter o processo de desindustrializa\u00e7\u00e3o, gerar empregos qualificados e reduzir a depend\u00eancia externa&#8221;, afirmou Jadyel Alencar em seu voto.<\/p>\n<p>Atualmente, a Nova Lei de Licita\u00e7\u00f5es (<a href=\"https:\/\/www2.camara.gov.br\/legin\/fed\/lei\/2021\/lei-14133-1-abril-2021-791222-norma-pl.html\">Lei 14.133\/21<\/a>) diz que a margem de prefer\u00eancia poder\u00e1 ser estabelecida, de forma facultativa. O texto aprovado altera a reda\u00e7\u00e3o tornando a pr\u00e1tica mandat\u00f3ria para a administra\u00e7\u00e3o p\u00fablica, al\u00e9m de elevar os percentuais m\u00e1ximos permitidos (que hoje s\u00e3o de 10% e 20%, respectivamente).<\/p>\n<p><strong>Licita\u00e7\u00f5es exclusivas<br \/>\n<\/strong>O texto autoriza a Uni\u00e3o, estados e munic\u00edpios a realizarem licita\u00e7\u00f5es exclusivas \u2013 ou seja, restritas apenas a empresas brasileiras \u2013 para a compra de bens e servi\u00e7os destinados a atividades consideradas estrat\u00e9gicas pelo Poder Executivo.<\/p>\n<p>Para se enquadrar nessa categoria, os produtos devem ser fabricados no territ\u00f3rio nacional por empresas com sede e administra\u00e7\u00e3o no pa\u00eds e constar no cadastro da Finame (Ag\u00eancia Especial de Financiamento Industrial) do BNDES.<\/p>\n<p><strong>Abrang\u00eancia<br \/>\n<\/strong>O texto aprovado tamb\u00e9m inclui as empresas estatais (empresas p\u00fablicas e sociedades de economia mista) nessas regras de prefer\u00eancia, alterando o escopo da Lei das Estatais (<a href=\"https:\/\/www2.camara.gov.br\/legin\/fed\/lei\/2016\/lei-13303-30-junho-2016-783296-norma-pl.html\">Lei 13.303\/16<\/a>), que atualmente n\u00e3o prev\u00ea esse mecanismo de forma expl\u00edcita como a lei da administra\u00e7\u00e3o direta.<\/p>\n<p><strong>Pr\u00f3ximos passos<br \/>\n<\/strong>A proposta que tramita em <span title=\"Rito de tramita\u00e7\u00e3o pelo qual o projeto \u00e9 votado apenas pelas comiss\u00f5es designadas para analis\u00e1-lo, dispensada a delibera\u00e7\u00e3o do Plen\u00e1rio. O projeto perde o car\u00e1ter conclusivo se houver decis\u00e3o divergente entre as comiss\u00f5es ou se, independentemente de ser aprovado ou rejeitado, houver recurso assinado por 52 deputados para a aprecia\u00e7\u00e3o da mat\u00e9ria no Plen\u00e1rio.\">car\u00e1ter conclusivo<\/span> ainda ser\u00e1 analisada pelas Comiss\u00f5es de Finan\u00e7as e Tributa\u00e7\u00e3o; e de Constitui\u00e7\u00e3o e Justi\u00e7a e de Cidadania. Para virar lei, a proposta precisa ser aprovada pela C\u00e2mara e pelo Senado.<\/p>\n<ul>\n<li><a href=\"https:\/\/www.camara.leg.br\/noticias\/573454-SAIBA-MAIS-SOBRE-A-TRAMITACAO-DE-PROJETOS-DE-LEI\">Saiba mais sobre a tramita\u00e7\u00e3o de projetos de lei<\/a><\/li>\n<\/ul>\n<p>Reportagem \u2013 Emanuelle Brasil<\/p>\n<p>Edi\u00e7\u00e3o \u2013 Roberto Seabra<\/p>\n<\/div>\n<\/article>","protected":false},"excerpt":{"rendered":"<p>Economia Comiss\u00e3o aprova margem de prefer\u00eancia de at\u00e9 30% para produtos nacionais em compras p\u00fablicas O projeto de lei segue&hellip;<\/p>\n","protected":false},"author":4,"featured_media":299544,"comment_status":"open","ping_status":"open","sticky":false,"template":"","format":"standard","meta":{"footnotes":""},"categories":[240],"tags":[],"class_list":["post-299543","post","type-post","status-publish","format-standard","has-post-thumbnail","hentry","category-camara-dos-deputados"],"_links":{"self":[{"href":"https:\/\/villanews.com.br\/index.php?rest_route=\/wp\/v2\/posts\/299543","targetHints":{"allow":["GET"]}}],"collection":[{"href":"https:\/\/villanews.com.br\/index.php?rest_route=\/wp\/v2\/posts"}],"about":[{"href":"https:\/\/villanews.com.br\/index.php?rest_route=\/wp\/v2\/types\/post"}],"author":[{"embeddable":true,"href":"https:\/\/villanews.com.br\/index.php?rest_route=\/wp\/v2\/users\/4"}],"replies":[{"embeddable":true,"href":"https:\/\/villanews.com.br\/index.php?rest_route=%2Fwp%2Fv2%2Fcomments&post=299543"}],"version-history":[{"count":0,"href":"https:\/\/villanews.com.br\/index.php?rest_route=\/wp\/v2\/posts\/299543\/revisions"}],"wp:featuredmedia":[{"embeddable":true,"href":"https:\/\/villanews.com.br\/index.php?rest_route=\/wp\/v2\/media\/299544"}],"wp:attachment":[{"href":"https:\/\/villanews.com.br\/index.php?rest_route=%2Fwp%2Fv2%2Fmedia&parent=299543"}],"wp:term":[{"taxonomy":"category","embeddable":true,"href":"https:\/\/villanews.com.br\/index.php?rest_route=%2Fwp%2Fv2%2Fcategories&post=299543"},{"taxonomy":"post_tag","embeddable":true,"href":"https:\/\/villanews.com.br\/index.php?rest_route=%2Fwp%2Fv2%2Ftags&post=299543"}],"curies":[{"name":"wp","href":"https:\/\/api.w.org\/{rel}","templated":true}]}}