{"id":299535,"date":"2026-03-20T14:50:00","date_gmt":"2026-03-20T18:50:00","guid":{"rendered":"https:\/\/villanews.com.br\/?p=299535"},"modified":"2026-03-20T14:50:00","modified_gmt":"2026-03-20T18:50:00","slug":"comissao-aprova-uso-do-fundo-de-fiscalizacao-das-telecomunicacoes-em-seguranca-publica","status":"publish","type":"post","link":"https:\/\/villanews.com.br\/?p=299535","title":{"rendered":"Comiss\u00e3o aprova uso do Fundo de Fiscaliza\u00e7\u00e3o das Telecomunica\u00e7\u00f5es em seguran\u00e7a p\u00fablica"},"content":{"rendered":"<article class=\"g-artigo artigo--noticia\">\n<span>Seguran\u00e7a<\/span>\n<h1>Comiss\u00e3o aprova uso do Fundo de Fiscaliza\u00e7\u00e3o das Telecomunica\u00e7\u00f5es em seguran\u00e7a p\u00fablica<\/h1>\n<p>O projeto de lei segue em an\u00e1lise na C\u00e2mara dos Deputados<\/p>\n<div>\n<p>\n                      20\/03\/2026 &#8211; 15:50 \u00a0\n                    <\/p>\n<p><em>Kayo Magalh\u00e3es \/ C\u00e2mara dos Deputados<\/em><br \/>\n<img decoding=\"async\" src=\"https:\/\/www.camara.leg.br\/midias\/image\/2026\/03\/img20260311111922669-768x473.jpg\" \/><\/p>\n<div>Jadyel: o objetivo \u00e9 viabilizar a repress\u00e3o de crimes nessa \u00e1rea<\/div>\n<p>A Comiss\u00e3o de Comunica\u00e7\u00e3o da C\u00e2mara dos Deputados aprovou proposta que permite repasse de recursos do Fundo de Fiscaliza\u00e7\u00e3o das Telecomunica\u00e7\u00f5es (Fistel) para \u00f3rg\u00e3os de intelig\u00eancia de seguran\u00e7a p\u00fablica com a finalidade de identificar amea\u00e7as e reprimir crimes contra a infraestrutura de telecomunica\u00e7\u00f5es, como roubo de cabos e baterias.<\/p>\n<p>O texto inclui a medida na <a href=\"https:\/\/www2.camara.gov.br\/legin\/fed\/lei\/1960-1969\/lei-5070-7-julho-1966-364619-norma-pl.html\">Lei do Fistel<\/a>, que hoje prev\u00ea que os recursos sejam aplicados pela Ag\u00eancia Nacional de Telecomunica\u00e7\u00f5es (Anatel) na fiscaliza\u00e7\u00e3o dos servi\u00e7os de telecomunica\u00e7\u00f5es; na aquisi\u00e7\u00e3o de material necess\u00e1rio aos servi\u00e7os de fiscaliza\u00e7\u00e3o; e na fiscaliza\u00e7\u00e3o da elabora\u00e7\u00e3o e execu\u00e7\u00e3o de planos e projetos referentes \u00e0s telecomunica\u00e7\u00f5es. A proposta tamb\u00e9m prev\u00ea o apoio a identificar amea\u00e7as e a prevenir il\u00edcitos contra infraestrutura de telecomunica\u00e7\u00f5es como uma das destina\u00e7\u00f5es do fundo.<\/p>\n<p>O texto aprovado \u00e9 um <span title=\"Nome que se d\u00e1 ao texto que altera substancialmente o conte\u00fado original da proposta. O substitutivo \u00e9 apresentado pelo relator e tem prefer\u00eancia na vota\u00e7\u00e3o sobre o projeto original.\">substitutivo<\/span> do deputado Jadyel Alencar (Republicanos-PI) ao <a href=\"https:\/\/www.camara.leg.br\/noticias\/1005367-projeto-permite-que-fundo-de-fiscalizacao-das-telecomunicacoes-seja-repassado-para-policias\">Projeto de Lei 3698\/23<\/a>, do deputado Alberto Fraga (PL-DF). O texto original n\u00e3o fala da nova destina\u00e7\u00e3o dos recursos do fundo.<\/p>\n<p>Aelencar afirmou que o objetivo \u00e9 viabilizar repasses a \u00f3rg\u00e3os de intelig\u00eancia ou de seguran\u00e7a p\u00fablica destinados \u00e0 identifica\u00e7\u00e3o de amea\u00e7as, al\u00e9m de prevenir e reprimir crimes nessa \u00e1rea.<\/p>\n<p>&#8220;Trata-se de fortalecer a capacidade institucional do Estado para enfrentar um tipo de criminalidade que afeta diretamente a continuidade e a qualidade de servi\u00e7os essenciais \u00e0 sociedade&#8221;, disse.<\/p>\n<p><strong>Repasse<\/strong><\/p>\n<p>\n        At\u00e9 10% dos recursos do fundo poder\u00e3o ser repassados a \u00f3rg\u00e3os de intelig\u00eancia ou seguran\u00e7a p\u00fablica, desde que o uso seja vinculado \u00e0 identifica\u00e7\u00e3o de amea\u00e7as e \u00e0 preven\u00e7\u00e3o ou repress\u00e3o de il\u00edcitos que atinjam a infraestrutura de telecomunica\u00e7\u00f5es.<\/p>\n<p>Para Alencar, a medida promove maior integra\u00e7\u00e3o entre as a\u00e7\u00f5es regulat\u00f3rias e a atua\u00e7\u00e3o policial e de intelig\u00eancia, refor\u00e7ando a capacidade do Estado de agir de forma r\u00e1pida e coordenada diante de incidentes.<\/p>\n<p><strong>Pr\u00f3ximos Passos<\/strong><\/p>\n<p>\n        O projeto ainda ser\u00e1 analisado, em <span title=\"Rito de tramita\u00e7\u00e3o pelo qual o projeto \u00e9 votado apenas pelas comiss\u00f5es designadas para analis\u00e1-lo, dispensada a delibera\u00e7\u00e3o do Plen\u00e1rio. O projeto perde o car\u00e1ter conclusivo se houver decis\u00e3o divergente entre as comiss\u00f5es ou se, independentemente de ser aprovado ou rejeitado, houver recurso assinado por 52 deputados para a aprecia\u00e7\u00e3o da mat\u00e9ria no Plen\u00e1rio.\">car\u00e1ter conclusivo<\/span>, pelas comiss\u00f5es de Fiscaliza\u00e7\u00e3o Financeira e Controle e de Constitui\u00e7\u00e3o e Justi\u00e7a e de Cidadania.<\/p>\n<p><a href=\"https:\/\/www.camara.leg.br\/noticias\/573454-SAIBA-MAIS-SOBRE-A-TRAMITACAO-DE-PROJETOS-DE-LEI\">Saiba mais sobre a tramita\u00e7\u00e3o de projetos de lei<\/a><\/p>\n<p>Reportagem &#8211; Tiago Miranda<\/p>\n<p>Edi\u00e7\u00e3o &#8211; Ge\u00f3rgia Moraes<\/p>\n<\/div>\n<\/article>","protected":false},"excerpt":{"rendered":"<p>Seguran\u00e7a Comiss\u00e3o aprova uso do Fundo de Fiscaliza\u00e7\u00e3o das Telecomunica\u00e7\u00f5es em seguran\u00e7a p\u00fablica O projeto de lei segue em an\u00e1lise&hellip;<\/p>\n","protected":false},"author":4,"featured_media":299536,"comment_status":"open","ping_status":"open","sticky":false,"template":"","format":"standard","meta":{"footnotes":""},"categories":[240],"tags":[],"class_list":["post-299535","post","type-post","status-publish","format-standard","has-post-thumbnail","hentry","category-camara-dos-deputados"],"_links":{"self":[{"href":"https:\/\/villanews.com.br\/index.php?rest_route=\/wp\/v2\/posts\/299535","targetHints":{"allow":["GET"]}}],"collection":[{"href":"https:\/\/villanews.com.br\/index.php?rest_route=\/wp\/v2\/posts"}],"about":[{"href":"https:\/\/villanews.com.br\/index.php?rest_route=\/wp\/v2\/types\/post"}],"author":[{"embeddable":true,"href":"https:\/\/villanews.com.br\/index.php?rest_route=\/wp\/v2\/users\/4"}],"replies":[{"embeddable":true,"href":"https:\/\/villanews.com.br\/index.php?rest_route=%2Fwp%2Fv2%2Fcomments&post=299535"}],"version-history":[{"count":0,"href":"https:\/\/villanews.com.br\/index.php?rest_route=\/wp\/v2\/posts\/299535\/revisions"}],"wp:featuredmedia":[{"embeddable":true,"href":"https:\/\/villanews.com.br\/index.php?rest_route=\/wp\/v2\/media\/299536"}],"wp:attachment":[{"href":"https:\/\/villanews.com.br\/index.php?rest_route=%2Fwp%2Fv2%2Fmedia&parent=299535"}],"wp:term":[{"taxonomy":"category","embeddable":true,"href":"https:\/\/villanews.com.br\/index.php?rest_route=%2Fwp%2Fv2%2Fcategories&post=299535"},{"taxonomy":"post_tag","embeddable":true,"href":"https:\/\/villanews.com.br\/index.php?rest_route=%2Fwp%2Fv2%2Ftags&post=299535"}],"curies":[{"name":"wp","href":"https:\/\/api.w.org\/{rel}","templated":true}]}}