{"id":299518,"date":"2026-03-20T14:36:40","date_gmt":"2026-03-20T18:36:40","guid":{"rendered":"https:\/\/villanews.com.br\/?p=299518"},"modified":"2026-03-20T14:36:40","modified_gmt":"2026-03-20T18:36:40","slug":"saideira-fala-de-um-brasil-em-busca-de-aplauso-e-outras-crises-da-identidade-nacional","status":"publish","type":"post","link":"https:\/\/villanews.com.br\/?p=299518","title":{"rendered":"\u201cSaideira\u201d fala de um Brasil em busca de aplauso e outras crises da identidade nacional"},"content":{"rendered":"<div class=\"postBody_post-body-container__1KhtH\">\n<p>Tem programas que validam a opini\u00e3o do espectador. E tem programas que s\u00e3o pura provoca\u00e7\u00e3o. O \u201cSaideira\u201d desta semana \u00e9 claramente o segundo caso. \u00c9 um daqueles programas a que voc\u00ea assiste meio por curiosidade e, quando percebe, j\u00e1 est\u00e1 discordando em voz alta. O que \u00e9 bom, n\u00e3o \u00e9?<\/p>\n<p>O ponto de partida \u00e9 o Oscar. Um evento que, ano ap\u00f3s ano, mobiliza milh\u00f5es de pessoas e, ao mesmo tempo, parece cada vez mais distante da realidade de quem consome cinema. Entre discursos ensaiados, causas da moda e uma certa necessidade de aprova\u00e7\u00e3o internacional, sobra a pergunta: ainda estamos vendo cinema ou apenas propaganda pol\u00edtica ficcionalizada?<\/p>\n<h2>Timoth\u00e9e Chalamet<\/h2>\n<p>A conversa, ent\u00e3o, se volta para as declara\u00e7\u00f5es de Timoth\u00e9e Chalamet. O ator resolveu desdenhar de formas cl\u00e1ssicas de arte como \u00f3pera e bal\u00e9, tratando-as como rel\u00edquias sustentadas artificialmente. A fala pode parecer s\u00f3 mais uma opini\u00e3o apressada de celebridade, mas abre uma discuss\u00e3o interessante: o que merece sobreviver culturalmente? E quem decide isso?<\/p>\n<p>A partir da\u00ed, o programa entra num terreno ainda mais delicado: o cinema nacional. Afinal, quando um filme brasileiro ganha destaque l\u00e1 fora, ele est\u00e1 representando o Brasil ou apenas confirmando expectativas estrangeiras sobre o pa\u00eds? Trata-se de uma vitrine ou um espelho distorcido?<\/p>\n<h2>Parditude<\/h2>\n<p>Essa d\u00favida leva a uma discuss\u00e3o mais ampla sobre cultura nacional. Existe ainda uma identidade cultural brasileira reconhec\u00edvel ou estamos diante de uma colagem de refer\u00eancias adaptadas conforme o p\u00fablico? E mais: faz sentido tentar resgatar uma ideia de cultura heroica, como alguns defendem, ou isso \u00e9 s\u00f3 nostalgia mal resolvida?<\/p>\n<p>Na reta final, entra em cena a discuss\u00e3o sobre a chamada parditude. Um tema que pode parecer restrito ao ambiente acad\u00eamico, mas que revela tens\u00f5es profundas sobre identidade, miscigena\u00e7\u00e3o e pertencimento. Quando categorias r\u00edgidas tentam organizar uma realidade complexa, o resultado costuma ser mais confus\u00e3o do que clareza.<\/p>\n<\/div>","protected":false},"excerpt":{"rendered":"<p>Tem programas que validam a opini\u00e3o do espectador. E tem programas que s\u00e3o pura provoca\u00e7\u00e3o. O \u201cSaideira\u201d desta semana \u00e9&hellip;<\/p>\n","protected":false},"author":4,"featured_media":299519,"comment_status":"open","ping_status":"open","sticky":false,"template":"","format":"standard","meta":{"footnotes":""},"categories":[204],"tags":[],"class_list":["post-299518","post","type-post","status-publish","format-standard","has-post-thumbnail","hentry","category-ultimas-noticias"],"_links":{"self":[{"href":"https:\/\/villanews.com.br\/index.php?rest_route=\/wp\/v2\/posts\/299518","targetHints":{"allow":["GET"]}}],"collection":[{"href":"https:\/\/villanews.com.br\/index.php?rest_route=\/wp\/v2\/posts"}],"about":[{"href":"https:\/\/villanews.com.br\/index.php?rest_route=\/wp\/v2\/types\/post"}],"author":[{"embeddable":true,"href":"https:\/\/villanews.com.br\/index.php?rest_route=\/wp\/v2\/users\/4"}],"replies":[{"embeddable":true,"href":"https:\/\/villanews.com.br\/index.php?rest_route=%2Fwp%2Fv2%2Fcomments&post=299518"}],"version-history":[{"count":0,"href":"https:\/\/villanews.com.br\/index.php?rest_route=\/wp\/v2\/posts\/299518\/revisions"}],"wp:featuredmedia":[{"embeddable":true,"href":"https:\/\/villanews.com.br\/index.php?rest_route=\/wp\/v2\/media\/299519"}],"wp:attachment":[{"href":"https:\/\/villanews.com.br\/index.php?rest_route=%2Fwp%2Fv2%2Fmedia&parent=299518"}],"wp:term":[{"taxonomy":"category","embeddable":true,"href":"https:\/\/villanews.com.br\/index.php?rest_route=%2Fwp%2Fv2%2Fcategories&post=299518"},{"taxonomy":"post_tag","embeddable":true,"href":"https:\/\/villanews.com.br\/index.php?rest_route=%2Fwp%2Fv2%2Ftags&post=299518"}],"curies":[{"name":"wp","href":"https:\/\/api.w.org\/{rel}","templated":true}]}}