{"id":299515,"date":"2026-03-20T14:36:00","date_gmt":"2026-03-20T18:36:00","guid":{"rendered":"https:\/\/villanews.com.br\/?p=299515"},"modified":"2026-03-20T14:36:00","modified_gmt":"2026-03-20T18:36:00","slug":"comissao-aprova-quebra-de-sigilo-para-verificar-capacidade-de-pagar-pensao-alimenticia","status":"publish","type":"post","link":"https:\/\/villanews.com.br\/?p=299515","title":{"rendered":"Comiss\u00e3o aprova quebra de sigilo para verificar capacidade de pagar pens\u00e3o aliment\u00edcia"},"content":{"rendered":"<article class=\"g-artigo artigo--noticia\">\n<span>Direito e Justi\u00e7a<\/span>\n<h1>Comiss\u00e3o aprova quebra de sigilo para verificar capacidade de pagar pens\u00e3o aliment\u00edcia<\/h1>\n<p>O projeto de lei segue em an\u00e1lise na C\u00e2mara dos Deputados<\/p>\n<div>\n<p>\n                      20\/03\/2026 &#8211; 15:36 \u00a0\n                    <\/p>\n<p><em>Vinicius Loures \/ C\u00e2mara dos Deputados<\/em><br \/>\n<img decoding=\"async\" src=\"https:\/\/www.camara.leg.br\/midias\/image\/2026\/03\/img20260318152951898-768x473.jpg\" \/><\/p>\n<div>Laura Carneiro:<span> prote\u00e7\u00e3o \u00e0 alimenta\u00e7\u00e3o dos filhos \u00e9 prioridade e pode superar direito ao sigilo<\/span><\/div>\n<p>A Comiss\u00e3o de Previd\u00eancia, Assist\u00eancia Social, Inf\u00e2ncia, Adolesc\u00eancia e Fam\u00edlia da C\u00e2mara dos Deputados aprovou o Projeto de Lei Complementar 69\/25, que permite a quebra do sigilo banc\u00e1rio e fiscal de devedores de pens\u00e3o aliment\u00edcia para verificar sua real capacidade financeira para garantir o sustento dos filhos.<\/p>\n<p>Pelo texto, o acesso aos dados sigilosos do devedor independe de requisi\u00e7\u00e3o espec\u00edfica e pode ocorrer em qualquer etapa do processo, sem a necessidade de solicita\u00e7\u00f5es pr\u00e9vias ou provas iniciais de renda.<\/p>\n<p><span>A proposta altera a lei que trata do sigilo das opera\u00e7\u00f5es de institui\u00e7\u00f5es financeiras (<a href=\"https:\/\/www2.camara.gov.br\/legin\/fed\/leicom\/2001\/leicomplementar-105-10-janeiro-2001-355754-norma-pl.html\">Lei Complementar 105\/01<\/a>) para incluir essa nova possibilidade<\/span><span>. <\/span><span>Atualmente, o sigilo j\u00e1 pode ser quebrado em investiga\u00e7\u00f5es de crimes como lavagem de dinheiro e corrup\u00e7\u00e3o<\/span><span>.<\/span><\/p>\n<p><span>A relatora, deputada Laura Carneiro (PSD-RJ), votou a favor do projeto e destacou que o Superior Tribunal de Justi\u00e7a (STJ) j\u00e1 possui decis\u00f5es nesse sentido<\/span><span>. <\/span><span>Segundo ela, a prote\u00e7\u00e3o \u00e0 alimenta\u00e7\u00e3o de crian\u00e7as e adolescentes \u00e9 prioridade e pode superar o direito ao sigilo banc\u00e1rio quando n\u00e3o houver outro meio de comprovar a renda<\/span><span>.<\/span><\/p>\n<p><span>\u201cA iniciativa dialoga diretamente com os objetivos constitucionais de garantir \u00e0 crian\u00e7a e ao adolescente o direito \u00e0 alimenta\u00e7\u00e3o, \u00e0 dignidade e \u00e0 conviv\u00eancia familiar\u201d, afirmou a relatora no parecer aprovado<\/span><span>. <\/span><\/p>\n<p><span>O projeto original foi apresentado pelo deputado C\u00e9lio Studart (PSD-CE)<\/span><span>.<\/span><\/p>\n<p><strong>Pr\u00f3ximas Etapas<\/strong><span><br \/>\n        A proposta ser\u00e1 ainda analisada pelas comiss\u00f5es de Finan\u00e7as e Tributa\u00e7\u00e3o e de Constitui\u00e7\u00e3o e Justi\u00e7a e de Cidadania<\/span><span>. Depois, segue para an\u00e1lise do Plen\u00e1rio.<\/span><\/p>\n<p>Para virar lei, o texto deve ser aprovado pela C\u00e2mara e pelo Senado.<\/p>\n<p><a href=\"https:\/\/www.camara.leg.br\/noticias\/606442-conheca-a-tramitacao-de-projetos-de-lei-complementar\/\">Conhe\u00e7a a tramita\u00e7\u00e3o de projetos de lei complementar<\/a><\/p>\n<p>Reportagem \u2013 Murilo Souza<\/p>\n<p>Edi\u00e7\u00e3o \u2013 Ge\u00f3rgia Moraes<\/p>\n<\/div>\n<\/article>","protected":false},"excerpt":{"rendered":"<p>Direito e Justi\u00e7a Comiss\u00e3o aprova quebra de sigilo para verificar capacidade de pagar pens\u00e3o aliment\u00edcia O projeto de lei segue&hellip;<\/p>\n","protected":false},"author":4,"featured_media":299516,"comment_status":"open","ping_status":"open","sticky":false,"template":"","format":"standard","meta":{"footnotes":""},"categories":[240],"tags":[],"class_list":["post-299515","post","type-post","status-publish","format-standard","has-post-thumbnail","hentry","category-camara-dos-deputados"],"_links":{"self":[{"href":"https:\/\/villanews.com.br\/index.php?rest_route=\/wp\/v2\/posts\/299515","targetHints":{"allow":["GET"]}}],"collection":[{"href":"https:\/\/villanews.com.br\/index.php?rest_route=\/wp\/v2\/posts"}],"about":[{"href":"https:\/\/villanews.com.br\/index.php?rest_route=\/wp\/v2\/types\/post"}],"author":[{"embeddable":true,"href":"https:\/\/villanews.com.br\/index.php?rest_route=\/wp\/v2\/users\/4"}],"replies":[{"embeddable":true,"href":"https:\/\/villanews.com.br\/index.php?rest_route=%2Fwp%2Fv2%2Fcomments&post=299515"}],"version-history":[{"count":0,"href":"https:\/\/villanews.com.br\/index.php?rest_route=\/wp\/v2\/posts\/299515\/revisions"}],"wp:featuredmedia":[{"embeddable":true,"href":"https:\/\/villanews.com.br\/index.php?rest_route=\/wp\/v2\/media\/299516"}],"wp:attachment":[{"href":"https:\/\/villanews.com.br\/index.php?rest_route=%2Fwp%2Fv2%2Fmedia&parent=299515"}],"wp:term":[{"taxonomy":"category","embeddable":true,"href":"https:\/\/villanews.com.br\/index.php?rest_route=%2Fwp%2Fv2%2Fcategories&post=299515"},{"taxonomy":"post_tag","embeddable":true,"href":"https:\/\/villanews.com.br\/index.php?rest_route=%2Fwp%2Fv2%2Ftags&post=299515"}],"curies":[{"name":"wp","href":"https:\/\/api.w.org\/{rel}","templated":true}]}}