{"id":299506,"date":"2026-03-20T12:52:39","date_gmt":"2026-03-20T16:52:39","guid":{"rendered":"https:\/\/villanews.com.br\/?p=299506"},"modified":"2026-03-20T12:52:39","modified_gmt":"2026-03-20T16:52:39","slug":"por-que-a-delacao-de-daniel-vorcaro-causa-tensao-no-stf","status":"publish","type":"post","link":"https:\/\/villanews.com.br\/?p=299506","title":{"rendered":"Por que a dela\u00e7\u00e3o de Daniel Vorcaro causa tens\u00e3o no STF?"},"content":{"rendered":"<div class=\"postBody_post-body-container__1KhtH\">\n<p>O ex-banqueiro Daniel Vorcaro iniciou negocia\u00e7\u00f5es para um acordo de dela\u00e7\u00e3o premiada em Bras\u00edlia. A possibilidade de ele revelar detalhes sobre sua rela\u00e7\u00e3o com ministros do STF gera forte movimenta\u00e7\u00e3o interna na Corte para tentar invalidar provas ou barrar o acordo, usando precedentes antigos.<\/p>\n<h2>Quem \u00e9 Daniel Vorcaro e qual sua situa\u00e7\u00e3o atual?<\/h2>\n<p>Daniel Vorcaro \u00e9 um ex-banqueiro que estava preso em Bras\u00edlia e foi transferido para a superintend\u00eancia da Pol\u00edcia Federal para negociar uma dela\u00e7\u00e3o premiada. Ele \u00e9 investigado por suspeitas de buscar prote\u00e7\u00e3o no Judici\u00e1rio por meio de neg\u00f3cios vultosos. Vorcaro j\u00e1 assinou um acordo de confidencialidade, que \u00e9 o passo inicial para quem pretende contar o que sabe em troca de benef\u00edcios na Justi\u00e7a.<\/p>\n<h2>Quais ministros do STF s\u00e3o mencionados no caso?<\/h2>\n<p>As mensagens encontradas no celular de Vorcaro citam encontros e neg\u00f3cios que envolvem, direta ou indiretamente, os ministros Dias Toffoli e Alexandre de Moraes. No caso de Toffoli, a suspeita envolve a compra de parte de um resort; no de Moraes, a contrata\u00e7\u00e3o do escrit\u00f3rio de sua esposa. Ambos negam qualquer irregularidade e as defesas refor\u00e7am que os contatos eram rela\u00e7\u00f5es de amizade ou neg\u00f3cios l\u00edcitos.<\/p>\n<h2>Como o STF pode derrubar essa dela\u00e7\u00e3o?<\/h2>\n<p>Existe um precedente de 2021, quando o STF anulou a dela\u00e7\u00e3o do ex-governador S\u00e9rgio Cabral ap\u00f3s ele citar o ministro Toffoli. Na \u00e9poca, os ministros entenderam que a PF n\u00e3o poderia investigar autoridades com foro privilegiado sem autoriza\u00e7\u00e3o pr\u00e9via da Corte. Al\u00e9m disso, o tribunal decidiu que a oposi\u00e7\u00e3o da Procuradoria-Geral da Rep\u00fablica (PGR) pode enfraquecer e at\u00e9 anular um acordo firmado apenas com a pol\u00edcia.<\/p>\n<h2>Qual o papel da PGR nesse processo?<\/h2>\n<p>Para que um ministro do STF seja formalmente investigado, a PGR precisa fazer um pedido oficial. Atualmente, o \u00f3rg\u00e3o \u00e9 chefiado por Paulo Gonet, que \u00e9 visto como um aliado de ministros influentes da Corte. A tend\u00eancia \u00e9 que a PGR se coloque contra a abertura de inqu\u00e9ritos baseados apenas em relatos de delatores que, segundo a jurisprud\u00eancia atual, precisam apresentar provas externas muito s\u00f3lidas.<\/p>\n<h2>Vorcaro pode optar por poupar os ministros?<\/h2>\n<p>Sim, essa \u00e9 uma estrat\u00e9gia poss\u00edvel. Embora o delator seja obrigado a contar todos os crimes que conhece, Vorcaro pode afirmar que suas rela\u00e7\u00f5es com os ministros foram estritamente sociais ou comerciais e sem ilicitudes. Dessa forma, ele evitaria o confronto direto com o STF, que tem o poder final de validar ou anular os benef\u00edcios que ele receberia no acordo de colabora\u00e7\u00e3o.<\/p>\n<p><i>Conte\u00fado produzido a partir de informa\u00e7\u00f5es apuradas pela equipe de rep\u00f3rteres da Gazeta do Povo. Para acessar a informa\u00e7\u00e3o na \u00edntegra e se aprofundar sobre o tema leia a reportagem abaixo.<\/i><\/p>\n<p>VEJA TAMB\u00c9M:<\/p>\n<\/div>","protected":false},"excerpt":{"rendered":"<p>O ex-banqueiro Daniel Vorcaro iniciou negocia\u00e7\u00f5es para um acordo de dela\u00e7\u00e3o premiada em Bras\u00edlia. A possibilidade de ele revelar detalhes&hellip;<\/p>\n","protected":false},"author":4,"featured_media":299347,"comment_status":"open","ping_status":"open","sticky":false,"template":"","format":"standard","meta":{"footnotes":""},"categories":[5],"tags":[],"class_list":["post-299506","post","type-post","status-publish","format-standard","has-post-thumbnail","hentry","category-politica"],"_links":{"self":[{"href":"https:\/\/villanews.com.br\/index.php?rest_route=\/wp\/v2\/posts\/299506","targetHints":{"allow":["GET"]}}],"collection":[{"href":"https:\/\/villanews.com.br\/index.php?rest_route=\/wp\/v2\/posts"}],"about":[{"href":"https:\/\/villanews.com.br\/index.php?rest_route=\/wp\/v2\/types\/post"}],"author":[{"embeddable":true,"href":"https:\/\/villanews.com.br\/index.php?rest_route=\/wp\/v2\/users\/4"}],"replies":[{"embeddable":true,"href":"https:\/\/villanews.com.br\/index.php?rest_route=%2Fwp%2Fv2%2Fcomments&post=299506"}],"version-history":[{"count":0,"href":"https:\/\/villanews.com.br\/index.php?rest_route=\/wp\/v2\/posts\/299506\/revisions"}],"wp:featuredmedia":[{"embeddable":true,"href":"https:\/\/villanews.com.br\/index.php?rest_route=\/wp\/v2\/media\/299347"}],"wp:attachment":[{"href":"https:\/\/villanews.com.br\/index.php?rest_route=%2Fwp%2Fv2%2Fmedia&parent=299506"}],"wp:term":[{"taxonomy":"category","embeddable":true,"href":"https:\/\/villanews.com.br\/index.php?rest_route=%2Fwp%2Fv2%2Fcategories&post=299506"},{"taxonomy":"post_tag","embeddable":true,"href":"https:\/\/villanews.com.br\/index.php?rest_route=%2Fwp%2Fv2%2Ftags&post=299506"}],"curies":[{"name":"wp","href":"https:\/\/api.w.org\/{rel}","templated":true}]}}