{"id":299471,"date":"2026-03-20T13:59:36","date_gmt":"2026-03-20T17:59:36","guid":{"rendered":"https:\/\/villanews.com.br\/?p=299471"},"modified":"2026-03-20T13:59:36","modified_gmt":"2026-03-20T17:59:36","slug":"lider-do-ira-fala-que-inimigo-foi-derrotado-enquanto-eua-enviam-mais-fuzileiros-e-navios","status":"publish","type":"post","link":"https:\/\/villanews.com.br\/?p=299471","title":{"rendered":"L\u00edder do Ir\u00e3 fala que \u201cinimigo foi derrotado\u201d enquanto EUA enviam mais fuzileiros e navios"},"content":{"rendered":"<div class=\"postBody_post-body-container__1KhtH\">\n<p>Ag\u00eancias de not\u00edcias internacionais informaram nesta sexta-feira (20) que os Estados Unidos est\u00e3o enviando mais fuzileiros navais e navios de assalto anf\u00edbios para o Oriente M\u00e9dio, logo ap\u00f3s o l\u00edder supremo do Ir\u00e3, Mojtaba Khamenei, ter alegado que o pa\u00eds derrotou o \u201cinimigo\u201d.<\/p>\n<p>De acordo com a brit\u00e2nica Reuters, tr\u00eas autoridades americanas relataram que as For\u00e7as Armadas dos EUA est\u00e3o enviando um grande navio de assalto anf\u00edbio com milhares de fuzileiros navais para o Oriente M\u00e9dio.<\/p>\n<p>A americana Associated Press acrescentou que a embarca\u00e7\u00e3o mencionada \u00e9 o USS Boxer, que ser\u00e1 acompanhado de outros dois navios de assalto anf\u00edbios, representando um contingente de cerca de 2,5 mil fuzileiros navais da 11\u00aa Unidade Expedicion\u00e1ria de Fuzileiros Navais. As fontes da AP relataram que o grupo j\u00e1 deixou seu porto de origem, em San Diego, na Calif\u00f3rnia.<\/p>\n<p>A informa\u00e7\u00e3o foi publicada no mesmo dia em que Khamenei, em um discurso lido por um apresentador na TV estatal iraniana, cantou vit\u00f3ria sobre os EUA.<\/p>\n<p>\u201cNeste momento, devido \u00e0 unidade singular que foi criada entre voc\u00eas, nossos compatriotas \u2013 apesar de todas as diferen\u00e7as de origem religiosa, intelectual, cultural e pol\u00edtica \u2013, o inimigo foi derrotado\u201d, disse.<\/p>\n<p>Mojtaba Khamenei foi escolhido em 8 de mar\u00e7o para substituir seu pai, Ali Khamenei, morto em um ataque dos Estados Unidos e Israel no primeiro dia da atual guerra no Oriente M\u00e9dio, em 28 de fevereiro.<\/p>\n<p>Em 12 de mar\u00e7o, o novo l\u00edder divulgou sua primeira mensagem, que foi lida na televis\u00e3o estatal iraniana, sem que o aiatol\u00e1 aparecesse. Isso aumentou as especula\u00e7\u00f5es de que Khamenei teria sido gravemente ferido no ataque que matou seu pai ou que estaria at\u00e9 morto \u2013 o secret\u00e1rio de Guerra dos EUA, Pete Hegseth, disse que Mojtaba estaria \u201cdesfigurado\u201d.<\/p>\n<p>O regime do Ir\u00e3 <a href=\"https:\/\/www.gazetadopovo.com.br\/mundo\/ira-divulga-primeiro-video-do-novo-lider-supremo-mas-gera-ceticismo\/\">divulgou na quinta-feira (19)<\/a> o primeiro v\u00eddeo de Khamenei desde que ele foi escolhido para o cargo, mas a falta de informa\u00e7\u00f5es nas imagens gera especula\u00e7\u00f5es de que se trata de um registro anterior \u00e0 guerra.<\/p>\n<p>No v\u00eddeo, divulgado pela emissora estatal IRIB, Khamenei aparece sentado em um palco, falando para uma plateia em local e data n\u00e3o informados.<\/p>\n<p>VEJA TAMB\u00c9M:<\/p>\n<\/div>","protected":false},"excerpt":{"rendered":"<p>Ag\u00eancias de not\u00edcias internacionais informaram nesta sexta-feira (20) que os Estados Unidos est\u00e3o enviando mais fuzileiros navais e navios de&hellip;<\/p>\n","protected":false},"author":4,"featured_media":299472,"comment_status":"open","ping_status":"open","sticky":false,"template":"","format":"standard","meta":{"footnotes":""},"categories":[204],"tags":[],"class_list":["post-299471","post","type-post","status-publish","format-standard","has-post-thumbnail","hentry","category-ultimas-noticias"],"_links":{"self":[{"href":"https:\/\/villanews.com.br\/index.php?rest_route=\/wp\/v2\/posts\/299471","targetHints":{"allow":["GET"]}}],"collection":[{"href":"https:\/\/villanews.com.br\/index.php?rest_route=\/wp\/v2\/posts"}],"about":[{"href":"https:\/\/villanews.com.br\/index.php?rest_route=\/wp\/v2\/types\/post"}],"author":[{"embeddable":true,"href":"https:\/\/villanews.com.br\/index.php?rest_route=\/wp\/v2\/users\/4"}],"replies":[{"embeddable":true,"href":"https:\/\/villanews.com.br\/index.php?rest_route=%2Fwp%2Fv2%2Fcomments&post=299471"}],"version-history":[{"count":0,"href":"https:\/\/villanews.com.br\/index.php?rest_route=\/wp\/v2\/posts\/299471\/revisions"}],"wp:featuredmedia":[{"embeddable":true,"href":"https:\/\/villanews.com.br\/index.php?rest_route=\/wp\/v2\/media\/299472"}],"wp:attachment":[{"href":"https:\/\/villanews.com.br\/index.php?rest_route=%2Fwp%2Fv2%2Fmedia&parent=299471"}],"wp:term":[{"taxonomy":"category","embeddable":true,"href":"https:\/\/villanews.com.br\/index.php?rest_route=%2Fwp%2Fv2%2Fcategories&post=299471"},{"taxonomy":"post_tag","embeddable":true,"href":"https:\/\/villanews.com.br\/index.php?rest_route=%2Fwp%2Fv2%2Ftags&post=299471"}],"curies":[{"name":"wp","href":"https:\/\/api.w.org\/{rel}","templated":true}]}}