{"id":299469,"date":"2026-03-20T14:02:43","date_gmt":"2026-03-20T18:02:43","guid":{"rendered":"https:\/\/villanews.com.br\/?p=299469"},"modified":"2026-03-20T14:02:43","modified_gmt":"2026-03-20T18:02:43","slug":"a-democracia-na-ufmg-ameacas-sim-cultos-nao","status":"publish","type":"post","link":"https:\/\/villanews.com.br\/?p=299469","title":{"rendered":"A \u201cdemocracia\u201d na UFMG: amea\u00e7as, sim; cultos, n\u00e3o"},"content":{"rendered":"<div class=\"postLayout_post-content__gsXFz\"><img decoding=\"async\" src=\"https:\/\/media.gazetadopovo.com.br\/2026\/03\/20145616\/ChatGPT-Image-20-de-mar.-de-2026-14_39_33.jpg.webp\" \/><span>Universidades pregam pluralidade, mas toleram amea\u00e7as e criminalizam ora\u00e7\u00f5es. A Intoler\u00e2ncia virou regra no ambiente acad\u00eamico brasileiro. (Foto: Imagem criada utilizando Chatgpt\/Gazeta do Povo)<\/span>\n<p>Ou\u00e7a este conte\u00fado<\/p>\n<div class=\"postBody_post-body-container__1KhtH\">\n<p>Amea\u00e7as de morte, sim; ora\u00e7\u00f5es crist\u00e3s j\u00e1 \u00e9 demais. Esse \u00e9 o pensamento de militantes nas universidades p\u00fablicas brasileiras. Na teoria, esses locais, que servem para o ensino e s\u00e3o mantidos com o dinheiro de todos os brasileiros, deveriam refletir pluralidade.<\/p>\n<p>No entanto, o que se v\u00ea \u00e9 um ambiente cada vez mais dominado por uma \u00fanica vis\u00e3o ideol\u00f3gica, onde o contradit\u00f3rio n\u00e3o apenas \u00e9 rejeitado, mas muitas vezes hostilizado. Epis\u00f3dios recentes na Universidade Federal de Minas Gerais (UFMG) demonstram bem isso.<\/p>\n<p>Nesta semana, alunos (aqueles que realmente estudam) me enviaram imagens de amea\u00e7as direcionadas a mim, que se tornaram frequentes e, pior ainda, normalizadas dentro da institui\u00e7\u00e3o.<\/p>\n<p>No pr\u00e9dio da Faculdade de Filosofia e Ci\u00eancias Humanas (FAFICH), por exemplo, entre diversas picha\u00e7\u00f5es j\u00e1 comuns, h\u00e1 uma frase expl\u00edcita incitando a minha morte. Trata-se de algo grav\u00edssimo, que ultrapassa qualquer limite de liberdade de express\u00e3o, mas, como \u00e9 de se esperar, eles n\u00e3o ligam.<\/p>\n<p>E n\u00e3o para por a\u00ed. Nem mesmo em eventos festivos, como as chamadas \u201ccalouradas\u201d, eles se esquecem de mim. Em um cartaz de divulga\u00e7\u00e3o recente, o nome de Charlie Kirk e o meu foram associados ao nazismo, em mais um exemplo claro daquela l\u00f3gica simplista resumida no meme \u201ctodo mundo que eu odeio \u00e9 Hitler\u201d. Como se n\u00e3o bastasse, ainda colocaram um alvo sobre a minha cabe\u00e7a, novamente uma simbologia que remete \u00e0 viol\u00eancia e \u00e0 elimina\u00e7\u00e3o de advers\u00e1rios pol\u00edticos.<\/p>\n<p>O mais alarmante \u00e9 perceber que esses epis\u00f3dios, assim como outros casos semelhantes, incluindo palestras com t\u00edtulos como \u201ceducando com o c*\u201d, s\u00e3o tratados com naturalidade por setores da esquerda e, muitas vezes, pelas pr\u00f3prias institui\u00e7\u00f5es.<\/p>\n<p>A Reitoria da Universidade Federal de Uberl\u00e2ndia (UFU), por exemplo, publicou, em suas redes sociais, uma nota contra a minha presen\u00e7a, mas a universidade recebeu de bra\u00e7os abertos Aleida Guevara, filha de Che Guevara. Sobre isso, n\u00e3o h\u00e1 indigna\u00e7\u00e3o proporcional, nem tentativas de impedimento, muito menos responsabiliza\u00e7\u00e3o.<\/p>\n<p>A hist\u00f3ria muda completamente quando um grupo crist\u00e3o decide simplesmente se reunir pacificamente dentro da pr\u00f3pria UFMG para realizar ora\u00e7\u00f5es.<\/p>\n<p>Recentemente, o organizador dos cultos foi acionado no Minist\u00e9rio P\u00fablico Federal, e os fi\u00e9is ainda foram rotulados como \u201cgrupos terroristas\u201d.<\/p>\n<blockquote class=\"postQuote_post-quote-container__KXTpH\">\n<p>Ou seja, manifesta\u00e7\u00f5es ideol\u00f3gicas alinhadas \u00e0 esquerda s\u00e3o toleradas, at\u00e9 mesmo quando flertam com o absurdo, enquanto express\u00f5es religiosas ou conservadoras s\u00e3o tratadas como amea\u00e7a<\/p>\n<\/blockquote>\n<p>VEJA TAMB\u00c9M:<\/p>\n<p>Onde est\u00e1 a democracia que tanto se prega? Onde est\u00e1 a pluralidade de ideias que deveria ser o alicerce do ambiente acad\u00eamico? Engana-se quem ainda acredita que h\u00e1 equil\u00edbrio nesse cen\u00e1rio. O que existe, cada vez mais, \u00e9 intoler\u00e2ncia disfar\u00e7ada de virtude. E, justamente por isso, a rea\u00e7\u00e3o de quem defende a liberdade de pensamento se torna n\u00e3o apenas leg\u00edtima, mas necess\u00e1ria.<\/p>\n<p>Recuperar o verdadeiro esp\u00edrito universit\u00e1rio, aquele baseado no debate e no respeito \u00e0s diferen\u00e7as, \u00e9 fundamental. Caso contr\u00e1rio, os centros de produ\u00e7\u00e3o de conhecimento ser\u00e3o transformados em meros espa\u00e7os de reprodu\u00e7\u00e3o ideol\u00f3gica, completamente desconectados da realidade e da pr\u00f3pria democracia.<\/p>\n<\/div>\n<h2>Voc\u00ea pode se interessar<\/h2>\n<p>Encontrou algo errado na mat\u00e9ria?<\/p>\n<p>Comunique erros<\/p>\n<p>Use este espa\u00e7o apenas para a comunica\u00e7\u00e3o de erros<\/p>\n<\/div>","protected":false},"excerpt":{"rendered":"<p>Universidades pregam pluralidade, mas toleram amea\u00e7as e criminalizam ora\u00e7\u00f5es. A Intoler\u00e2ncia virou regra no ambiente acad\u00eamico brasileiro. (Foto: Imagem criada&hellip;<\/p>\n","protected":false},"author":4,"featured_media":299470,"comment_status":"open","ping_status":"open","sticky":false,"template":"","format":"standard","meta":{"footnotes":""},"categories":[204],"tags":[],"class_list":["post-299469","post","type-post","status-publish","format-standard","has-post-thumbnail","hentry","category-ultimas-noticias"],"_links":{"self":[{"href":"https:\/\/villanews.com.br\/index.php?rest_route=\/wp\/v2\/posts\/299469","targetHints":{"allow":["GET"]}}],"collection":[{"href":"https:\/\/villanews.com.br\/index.php?rest_route=\/wp\/v2\/posts"}],"about":[{"href":"https:\/\/villanews.com.br\/index.php?rest_route=\/wp\/v2\/types\/post"}],"author":[{"embeddable":true,"href":"https:\/\/villanews.com.br\/index.php?rest_route=\/wp\/v2\/users\/4"}],"replies":[{"embeddable":true,"href":"https:\/\/villanews.com.br\/index.php?rest_route=%2Fwp%2Fv2%2Fcomments&post=299469"}],"version-history":[{"count":0,"href":"https:\/\/villanews.com.br\/index.php?rest_route=\/wp\/v2\/posts\/299469\/revisions"}],"wp:featuredmedia":[{"embeddable":true,"href":"https:\/\/villanews.com.br\/index.php?rest_route=\/wp\/v2\/media\/299470"}],"wp:attachment":[{"href":"https:\/\/villanews.com.br\/index.php?rest_route=%2Fwp%2Fv2%2Fmedia&parent=299469"}],"wp:term":[{"taxonomy":"category","embeddable":true,"href":"https:\/\/villanews.com.br\/index.php?rest_route=%2Fwp%2Fv2%2Fcategories&post=299469"},{"taxonomy":"post_tag","embeddable":true,"href":"https:\/\/villanews.com.br\/index.php?rest_route=%2Fwp%2Fv2%2Ftags&post=299469"}],"curies":[{"name":"wp","href":"https:\/\/api.w.org\/{rel}","templated":true}]}}