{"id":299460,"date":"2026-03-20T13:36:01","date_gmt":"2026-03-20T17:36:01","guid":{"rendered":"https:\/\/villanews.com.br\/?p=299460"},"modified":"2026-03-20T13:36:01","modified_gmt":"2026-03-20T17:36:01","slug":"hugo-souza-e-convocado-para-selecao-apos-corte-de-alisson-por-lesao","status":"publish","type":"post","link":"https:\/\/villanews.com.br\/?p=299460","title":{"rendered":"Hugo Souza \u00e9 convocado para sele\u00e7\u00e3o ap\u00f3s corte de Alisson por les\u00e3o"},"content":{"rendered":"<div class=\"text-darkgray lg:w-2\/3\">\n<h2>Convocado de \u00faltima hora, goleiro vive boa fase e ganha chance antes da Copa; Hugo se junta a Ederson e Bento na sele\u00e7\u00e3o brasileira<\/h2>\n<p><img decoding=\"async\" src=\"https:\/\/media-manager.noticiasaominuto.com.br\/960\/naom_66c60a359a106.webp\" \/><\/p>\n<p>\u00a9 Getty Images<\/p>\n<p><img decoding=\"async\" src=\"https:\/\/noticiasaominutobr-img.com\/team\/naom.png\" \/><\/p>\n<p><span><br \/>\n                    20\/03\/2026 14:36 \u2027<br \/>\n                    h\u00e1 25 minutos<br \/>\n                    por Folhapress<br \/>\n                <\/span><\/p>\n<p>\n                        Esporte\n                    <\/p>\n<p>\n<a href=\"https:\/\/www.noticiasaominuto.com.br\/esporte\/tag\/selecao-brasileira\"><br \/>\n                                Sele\u00e7\u00e3o Brasileira<br \/>\n                            <\/a>\n<\/p>\n<div class=\"article-content mb-24 font-slab text-paragraph font-light\">\n<p><span>S<\/span>\u00c3O PAULO, SP (UOL\/FOLHAPRESS) &#8211; O goleiro Hugo Souza, do Corinthians, foi convocado pelo t\u00e9cnico Carlo Ancelotti para os amistosos contra Fran\u00e7a e Cro\u00e1cia, neste m\u00eas de mar\u00e7o. Ele substitui Alisson, do Liverpool, que se machucou e foi cortado.<\/p>\n<p>                                                        \u00a0<\/p>\n<p>O Liverpool e a CBF ainda n\u00e3o informaram qual foi a les\u00e3o sofrida por Alisson. O brasileiro foi titular e disputou todo o jogo que terminou na vit\u00f3ria do Liverpool sobre o Galatasaray por 4 a 0, na quarta-feira, pela Champions League.<\/p>\n<p>Hugo se junta a Ederson e Bento na sele\u00e7\u00e3o. O goleiro do Corinthians se apresentar\u00e1 a Carlo Ancelotti e \u00e0 sua comiss\u00e3o t\u00e9cnica ap\u00f3s disputar o jogo de domingo, contra o Flamengo, pelo Brasileir\u00e3o.<\/p>\n<p>O chamado vem horas ap\u00f3s o goleiro lamentar ter ficado de fora da lista original. Ele comentou a aus\u00eancia ap\u00f3s o empate por 0 a 0 com a Chapecoense, ontem, pelo Brasileir\u00e3o.<\/p>\n<p>&#8220;Eu vinha sendo convocado antes, claro que a gente cria esperan\u00e7a. Mas isso me d\u00e1 mais motivos para trabalhar, para dar o meu melhor, evoluir, crescer. Eu estava com a fam\u00edlia ali e o que eu falei junto com todo mundo foi que teria que trabalhar mais do que antes. E \u00e9 isso que minha cabe\u00e7a pensa realmente, meu cora\u00e7\u00e3o est\u00e1 em paz. Fazer o meu melhor aqui no clube para que, se Deus quiser, eu possa realizar o meu sonho. Todo mundo sabe que \u00e9 um sonho estar l\u00e1 na Copa do Mundo, e eu vou trabalhar muito, vou me dedicar muito para que aconte\u00e7a e o importante \u00e9 que, se der certo ou errado, a minha parte seja feita e \u00e9 isso que eu me preocupo em fazer&#8221;, disse Hugo Souza.<\/p>\n<p>Ancelotti havia explicado a aus\u00eancia de Hugo no dia da convoca\u00e7\u00e3o, na \u00faltima segunda-feira. O treinador destacou que a posi\u00e7\u00e3o de goleiro n\u00e3o est\u00e1 100% fechada.<\/p>\n<p>&#8220;N\u00e3o tem posi\u00e7\u00e3o 100% fechada. Como eu disse, a evolu\u00e7\u00e3o \u00e9 cont\u00ednua em cada jogo para cada atleta. Mas pensamos que Alisson, Bento e Ederson s\u00e3o os melhores nesse momento&#8221;, disse Ancelotti.<\/p>\n<p>Com a convoca\u00e7\u00e3o de hoje, Hugo entra para a lista dos \u00fanicos jogadores que estiveram presentes em todas as convoca\u00e7\u00f5es de Ancelotti na sele\u00e7\u00e3o. Nas outras, no entanto, ele havia sido chamado de primeira -foi cortado dos amistosos contra Tun\u00edsia e Senegal, na Data Fifa passada, por les\u00e3o.<\/p>\n<p>A sele\u00e7\u00e3o brasileira vai enfrentar Fran\u00e7a e Cro\u00e1cia nos Estados Unidos na \u00faltima Data Fifa antes da convoca\u00e7\u00e3o oficial para a Copa do Mundo. Os jogos ocorrem nos dias 26 e 31 de mar\u00e7o, em Boston e Orlando, respectivamente.<\/p>\n<p><img decoding=\"async\" src=\"https:\/\/media-manager.noticiasaominuto.com\/640\/naom_6978bfc4d14e9.jpg\" \/><\/p>\n<h2><a href=\"https:\/\/www.noticiasaominuto.com.br\/esporte\/2368272\/samuel-lino-deixa-rotulos-para-tras-e-vive-fase-artilheira-pelo-flamengo\"> Samuel Lino deixa r\u00f3tulos para tr\u00e1s e vive fase artilheira pelo Flamengo <\/a><\/h2>\n<p>O atacante custou quase R$ 200 milh\u00f5es ao RubroFlamengo somando luvas, impostos e comiss\u00f5es. Ex-Atl\u00e9tico de Madri, ele chegou com o r\u00f3tulo de &#8220;contrata\u00e7\u00e3o mais cara da hist\u00f3ria do clube&#8221;, algo que parece ter lhe gerado um peso<\/p>\n<p><small> Folhapress | 13:45 &#8211; 20\/03\/2026 <\/small><\/p>\n<\/div>\n<p>\n            Partilhe a not\u00edcia\n        <\/p>\n<\/div>","protected":false},"excerpt":{"rendered":"<p>Convocado de \u00faltima hora, goleiro vive boa fase e ganha chance antes da Copa; Hugo se junta a Ederson e&hellip;<\/p>\n","protected":false},"author":4,"featured_media":299461,"comment_status":"open","ping_status":"open","sticky":false,"template":"","format":"standard","meta":{"footnotes":""},"categories":[6],"tags":[],"class_list":["post-299460","post","type-post","status-publish","format-standard","has-post-thumbnail","hentry","category-esportes"],"_links":{"self":[{"href":"https:\/\/villanews.com.br\/index.php?rest_route=\/wp\/v2\/posts\/299460","targetHints":{"allow":["GET"]}}],"collection":[{"href":"https:\/\/villanews.com.br\/index.php?rest_route=\/wp\/v2\/posts"}],"about":[{"href":"https:\/\/villanews.com.br\/index.php?rest_route=\/wp\/v2\/types\/post"}],"author":[{"embeddable":true,"href":"https:\/\/villanews.com.br\/index.php?rest_route=\/wp\/v2\/users\/4"}],"replies":[{"embeddable":true,"href":"https:\/\/villanews.com.br\/index.php?rest_route=%2Fwp%2Fv2%2Fcomments&post=299460"}],"version-history":[{"count":0,"href":"https:\/\/villanews.com.br\/index.php?rest_route=\/wp\/v2\/posts\/299460\/revisions"}],"wp:featuredmedia":[{"embeddable":true,"href":"https:\/\/villanews.com.br\/index.php?rest_route=\/wp\/v2\/media\/299461"}],"wp:attachment":[{"href":"https:\/\/villanews.com.br\/index.php?rest_route=%2Fwp%2Fv2%2Fmedia&parent=299460"}],"wp:term":[{"taxonomy":"category","embeddable":true,"href":"https:\/\/villanews.com.br\/index.php?rest_route=%2Fwp%2Fv2%2Fcategories&post=299460"},{"taxonomy":"post_tag","embeddable":true,"href":"https:\/\/villanews.com.br\/index.php?rest_route=%2Fwp%2Fv2%2Ftags&post=299460"}],"curies":[{"name":"wp","href":"https:\/\/api.w.org\/{rel}","templated":true}]}}