{"id":299419,"date":"2026-03-20T13:29:00","date_gmt":"2026-03-20T17:29:00","guid":{"rendered":"https:\/\/villanews.com.br\/?p=299419"},"modified":"2026-03-20T13:29:00","modified_gmt":"2026-03-20T17:29:00","slug":"entra-em-vigor-lei-que-amplia-garantias-para-financiamentos-do-pronaf","status":"publish","type":"post","link":"https:\/\/villanews.com.br\/?p=299419","title":{"rendered":"Entra em vigor lei que amplia garantias para financiamentos do Pronaf"},"content":{"rendered":"<article class=\"g-artigo artigo--noticia\">\n<span>Agropecu\u00e1ria<\/span>\n<h1>Entra em vigor lei que amplia garantias para financiamentos do Pronaf<\/h1>\n<p>Medida pretende expandir opera\u00e7\u00f5es de cr\u00e9dito do Programa Nacional de Fortalecimento da Agricultura Familiar<\/p>\n<div>\n<p>\n                      20\/03\/2026 &#8211; 14:29 \u00a0\n                    <\/p>\n<p><em>Renato Alves\/ Ag\u00eancia Bras\u00edlia<\/em><br \/>\n<img decoding=\"async\" src=\"https:\/\/www.camara.leg.br\/midias\/image\/2026\/03\/img20220203100333163-768x512.jpg\" \/><\/p>\n<div>Nova lei prev\u00ea mais cr\u00e9dito para a agricultura familiar<\/div>\n<p>O presidente da Rep\u00fablica, Luiz In\u00e1cio Lula da Silva, sancionou lei que autoriza o Fundo Garantidor de Opera\u00e7\u00f5es (FGO) a garantir opera\u00e7\u00f5es de cr\u00e9dito do Programa Nacional de Fortalecimento da Agricultura Familiar (Pronaf). Publicada no Di\u00e1rio Oficial da Uni\u00e3o nesta sexta-feira (20), a <a href=\"https:\/\/www2.camara.gov.br\/legin\/fed\/lei\/2016\/lei-13356-7-novembro-2016-783885-norma-pl.html\">Lei 13.356\/26<\/a> pode significar mais possibilidade, para os agricultores familiares, de empr\u00e9stimos para custeio da produ\u00e7\u00e3o, compra de equipamentos ou investimento na propriedade.<\/p>\n<p>A nova norma prev\u00ea a utiliza\u00e7\u00e3o de at\u00e9 R$ 500 milh\u00f5es n\u00e3o comprometidos do fundo para ampliar as garantias em financiamentos do Pronaf. Com mais cr\u00e9dito dispon\u00edvel e menos exig\u00eancias de garantia, aumenta-se a chance de manter ou expandir a produ\u00e7\u00e3o agr\u00edcola.<\/p>\n<p>A medida tem origem no PL 2.213\/25, do senador Jaques Wagner (PT-BA). A mat\u00e9ria foi aprovada no Senado em junho de 2025 e, posteriormente, pela C\u00e2mara dos Deputados em fevereiro deste ano.<\/p>\n<p>Na justifica\u00e7\u00e3o do projeto, Wagner explica que o FGO funciona como uma esp\u00e9cie de garantia para empr\u00e9stimos, reduzindo o risco para os bancos. Com a entrada em vigor da lei, valores que estavam parados nesse fundo poder\u00e3o ser usados para ampliar as garantias em financiamentos do Pronaf, o que tende a facilitar o acesso ao cr\u00e9dito por pequenos produtores, especialmente aqueles que t\u00eam dificuldade em oferecer garantias tradicionais.<\/p>\n<p>\u201cPossibilitar que o FGO garanta as opera\u00e7\u00f5es do Pronaf reduzir\u00e1 significativamente o risco percebido pelos bancos, incentivando-os a conceder cr\u00e9dito de forma mais ampla e acess\u00edvel\u201d, declara.<\/p>\n<p>O dispositivo estabelece que o governo federal definir\u00e1 como ser\u00e3o usados os recursos do FGO para apoiar o cr\u00e9dito do Pronaf, incluindo quem pode ter acesso e quais opera\u00e7\u00f5es poder\u00e3o ser garantidas. H\u00e1 limites para o valor total garantido, de acordo com os recursos dispon\u00edveis no fundo e regras definidas pelo governo.<\/p>\n<p>Al\u00e9m disso, n\u00e3o haver\u00e1 a cobran\u00e7a da comiss\u00e3o pecuni\u00e1ria prevista na <a href=\"https:\/\/www2.camara.gov.br\/legin\/fed\/lei\/2013\/lei-12807-8-maio-2013-775949-norma-pl.html\">Lei 12.807\/09<\/a>, uma taxa cobrada pelo uso da garantia p\u00fablica oferecida por fundos como o FGO, o que pode tornar o cr\u00e9dito mais barato e acess\u00edvel.<\/p>\n<p>Da Reda\u00e7\u00e3o \u2013 RS<\/p>\n<p>Com informa\u00e7\u00f5es da Ag\u00eancia Senado<\/p>\n<\/div>\n<\/article>","protected":false},"excerpt":{"rendered":"<p>Agropecu\u00e1ria Entra em vigor lei que amplia garantias para financiamentos do Pronaf Medida pretende expandir opera\u00e7\u00f5es de cr\u00e9dito do Programa&hellip;<\/p>\n","protected":false},"author":4,"featured_media":299420,"comment_status":"open","ping_status":"open","sticky":false,"template":"","format":"standard","meta":{"footnotes":""},"categories":[240],"tags":[],"class_list":["post-299419","post","type-post","status-publish","format-standard","has-post-thumbnail","hentry","category-camara-dos-deputados"],"_links":{"self":[{"href":"https:\/\/villanews.com.br\/index.php?rest_route=\/wp\/v2\/posts\/299419","targetHints":{"allow":["GET"]}}],"collection":[{"href":"https:\/\/villanews.com.br\/index.php?rest_route=\/wp\/v2\/posts"}],"about":[{"href":"https:\/\/villanews.com.br\/index.php?rest_route=\/wp\/v2\/types\/post"}],"author":[{"embeddable":true,"href":"https:\/\/villanews.com.br\/index.php?rest_route=\/wp\/v2\/users\/4"}],"replies":[{"embeddable":true,"href":"https:\/\/villanews.com.br\/index.php?rest_route=%2Fwp%2Fv2%2Fcomments&post=299419"}],"version-history":[{"count":0,"href":"https:\/\/villanews.com.br\/index.php?rest_route=\/wp\/v2\/posts\/299419\/revisions"}],"wp:featuredmedia":[{"embeddable":true,"href":"https:\/\/villanews.com.br\/index.php?rest_route=\/wp\/v2\/media\/299420"}],"wp:attachment":[{"href":"https:\/\/villanews.com.br\/index.php?rest_route=%2Fwp%2Fv2%2Fmedia&parent=299419"}],"wp:term":[{"taxonomy":"category","embeddable":true,"href":"https:\/\/villanews.com.br\/index.php?rest_route=%2Fwp%2Fv2%2Fcategories&post=299419"},{"taxonomy":"post_tag","embeddable":true,"href":"https:\/\/villanews.com.br\/index.php?rest_route=%2Fwp%2Fv2%2Ftags&post=299419"}],"curies":[{"name":"wp","href":"https:\/\/api.w.org\/{rel}","templated":true}]}}