{"id":299412,"date":"2026-03-20T13:25:00","date_gmt":"2026-03-20T17:25:00","guid":{"rendered":"https:\/\/villanews.com.br\/?p=299412"},"modified":"2026-03-20T13:25:00","modified_gmt":"2026-03-20T17:25:00","slug":"comissao-aprova-regras-para-suporte-de-bicicletas-em-onibus-urbanos","status":"publish","type":"post","link":"https:\/\/villanews.com.br\/?p=299412","title":{"rendered":"Comiss\u00e3o aprova regras para suporte de bicicletas em \u00f4nibus urbanos"},"content":{"rendered":"<article class=\"g-artigo artigo--noticia\">\n<span>Cidades e transportes<\/span>\n<h1>Comiss\u00e3o aprova regras para suporte de bicicletas em \u00f4nibus urbanos<\/h1>\n<p>Projeto de lei continua sendo analisado na C\u00e2mara dos Deputados<\/p>\n<div>\n<p>\n                      20\/03\/2026 &#8211; 14:25 \u00a0\n                    <\/p>\n<p><em>Vinicius Loures \/ C\u00e2mara dos Deputados<\/em><br \/>\n<img decoding=\"async\" src=\"https:\/\/www.camara.leg.br\/midias\/image\/2026\/03\/img20251008101539613-768x473.jpg\" \/><\/p>\n<div>Diego Andrade recomendou a aprova\u00e7\u00e3o da proposta, com mudan\u00e7as<\/div>\n<p>A Comiss\u00e3o de Via\u00e7\u00e3o e Transportes da C\u00e2mara dos Deputados aprovou projeto de lei que regulamenta a instala\u00e7\u00e3o de suportes para bicicletas em \u00f4nibus e micro-\u00f4nibus do transporte p\u00fablico coletivo urbano. A medida altera o <a href=\"https:\/\/www2.camara.leg.br\/legin\/fed\/lei\/1997\/lei-9503-23-setembro-1997-372348-norma-pl.html\">C\u00f3digo de Tr\u00e2nsito Brasileiro<\/a> para incluir a acessibilidade para bicicletas por meio de equipamentos adaptados nos ve\u00edculos.<\/p>\n<p>Pela proposta, caber\u00e1 ao Conselho Nacional de Tr\u00e2nsito (Contran) estabelecer as normas t\u00e9cnicas e de metrologia para os suportes.<\/p>\n<p>A comiss\u00e3o aprovou a vers\u00e3o do relator, deputado Diego Andrade (PSD-MG), para o <a href=\"https:\/\/www.camara.leg.br\/noticias\/562389-projeto-torna-obrigatorio-o-suporte-para-bicicletas-nos-onibus\">Projeto de Lei 2783\/19<\/a>, do deputado Juninho do Pneu (Uni\u00e3o-RJ). O novo texto substitui a obrigatoriedade generalizada por uma estrutura que permite a implementa\u00e7\u00e3o conforme a realidade de cada localidade.<\/p>\n<p>O projeto assegura autonomia para que as prefeituras e o Distrito Federal regulamentem o percentual da frota que dever\u00e1 ser equipado com os suportes e os trajetos atendidos pelo novo servi\u00e7o.<\/p>\n<p>&#8220;Essa abordagem, ao respeitar a diversidade das realidades urbanas brasileiras, contribuir\u00e1 para o sucesso da pol\u00edtica de incentivo \u00e0 intermodalidade&#8221;, disse o relator.<\/p>\n<p><strong>Pr\u00f3ximas etapas<\/strong><\/p>\n<p>\n        A proposta ser\u00e1 ainda analisada, em <span title=\"Rito de tramita\u00e7\u00e3o pelo qual o projeto \u00e9 votado apenas pelas comiss\u00f5es designadas para analis\u00e1-lo, dispensada a delibera\u00e7\u00e3o do Plen\u00e1rio. O projeto perde o car\u00e1ter conclusivo se houver decis\u00e3o divergente entre as comiss\u00f5es ou se, independentemente de ser aprovado ou rejeitado, houver recurso assinado por 52 deputados para a aprecia\u00e7\u00e3o da mat\u00e9ria no Plen\u00e1rio.\">car\u00e1ter conclusivo<\/span>, pela Comiss\u00e3o de Constitui\u00e7\u00e3o e Justi\u00e7a e de Cidadania.<\/p>\n<p>Para virar lei, o texto deve ser aprovado pela C\u00e2mara e pelo Senado.<\/p>\n<ul>\n<li><a href=\"https:\/\/www.camara.leg.br\/noticias\/573454-SAIBA-MAIS-SOBRE-A-TRAMITACAO-DE-PROJETOS-DE-LEI\">Saiba mais sobre a tramita\u00e7\u00e3o de projetos de lei<\/a><\/li>\n<\/ul>\n<p>Reportagem \u2013 Murilo Souza<\/p>\n<p>Edi\u00e7\u00e3o \u2013 Marcia Becker<\/p>\n<\/div>\n<\/article>","protected":false},"excerpt":{"rendered":"<p>Cidades e transportes Comiss\u00e3o aprova regras para suporte de bicicletas em \u00f4nibus urbanos Projeto de lei continua sendo analisado na&hellip;<\/p>\n","protected":false},"author":4,"featured_media":299413,"comment_status":"open","ping_status":"open","sticky":false,"template":"","format":"standard","meta":{"footnotes":""},"categories":[240],"tags":[],"class_list":["post-299412","post","type-post","status-publish","format-standard","has-post-thumbnail","hentry","category-camara-dos-deputados"],"_links":{"self":[{"href":"https:\/\/villanews.com.br\/index.php?rest_route=\/wp\/v2\/posts\/299412","targetHints":{"allow":["GET"]}}],"collection":[{"href":"https:\/\/villanews.com.br\/index.php?rest_route=\/wp\/v2\/posts"}],"about":[{"href":"https:\/\/villanews.com.br\/index.php?rest_route=\/wp\/v2\/types\/post"}],"author":[{"embeddable":true,"href":"https:\/\/villanews.com.br\/index.php?rest_route=\/wp\/v2\/users\/4"}],"replies":[{"embeddable":true,"href":"https:\/\/villanews.com.br\/index.php?rest_route=%2Fwp%2Fv2%2Fcomments&post=299412"}],"version-history":[{"count":0,"href":"https:\/\/villanews.com.br\/index.php?rest_route=\/wp\/v2\/posts\/299412\/revisions"}],"wp:featuredmedia":[{"embeddable":true,"href":"https:\/\/villanews.com.br\/index.php?rest_route=\/wp\/v2\/media\/299413"}],"wp:attachment":[{"href":"https:\/\/villanews.com.br\/index.php?rest_route=%2Fwp%2Fv2%2Fmedia&parent=299412"}],"wp:term":[{"taxonomy":"category","embeddable":true,"href":"https:\/\/villanews.com.br\/index.php?rest_route=%2Fwp%2Fv2%2Fcategories&post=299412"},{"taxonomy":"post_tag","embeddable":true,"href":"https:\/\/villanews.com.br\/index.php?rest_route=%2Fwp%2Fv2%2Ftags&post=299412"}],"curies":[{"name":"wp","href":"https:\/\/api.w.org\/{rel}","templated":true}]}}