{"id":299404,"date":"2026-03-20T13:23:00","date_gmt":"2026-03-20T17:23:00","guid":{"rendered":"https:\/\/villanews.com.br\/?p=299404"},"modified":"2026-03-20T13:23:00","modified_gmt":"2026-03-20T17:23:00","slug":"ex-deputado-constituinte-waldyr-pugliesi-morre-aos-90-anos","status":"publish","type":"post","link":"https:\/\/villanews.com.br\/?p=299404","title":{"rendered":"Ex-deputado constituinte Waldyr Pugliesi morre aos 90 anos"},"content":{"rendered":"<article class=\"g-artigo artigo--noticia\">\n<span>Pol\u00edtica e Administra\u00e7\u00e3o P\u00fablica<\/span>\n<h1>Ex-deputado constituinte Waldyr Pugliesi morre aos 90 anos<\/h1>\n<div>\n<p>\n                      20\/03\/2026 &#8211; 14:23 \u00a0\n                    <\/p>\n<p><em>Instagram<\/em><br \/>\n<img decoding=\"async\" src=\"https:\/\/www.camara.leg.br\/midias\/image\/2026\/03\/captura-de-tela-2026-03-20-142114-768x438.jpg\" \/><\/p>\n<div>Ex-deputado Waldyr Pugliesi<\/div>\n<p>O <a href=\"https:\/\/www.camara.leg.br\/deputados\/139384\/biografia\">ex-deputado Waldyr Pugliesi (PR)<\/a> morreu nesta sexta-feira (20), aos 90 anos, em Londrina (PR). Ele foi deputado durante a Assembleia Nacional Constituinte (1987-1991).<\/p>\n<p>Pugliesi era filiado ao MDB e chegou a ocupar a presid\u00eancia estadual da sigla no Paran\u00e1.<\/p>\n<p>Nascido em 1935, iniciou a vida p\u00fablica na d\u00e9cada de 1960, ao ser eleito vereador em Arapongas (PR), cidade da qual tamb\u00e9m foi prefeito. Pugliesi tamb\u00e9m foi deputado estadual e secret\u00e1rio dos Transportes do Paran\u00e1.<\/p>\n<p>Da Reda\u00e7\u00e3o &#8211; ND<\/p>\n<\/div>\n<\/article>","protected":false},"excerpt":{"rendered":"<p>Pol\u00edtica e Administra\u00e7\u00e3o P\u00fablica Ex-deputado constituinte Waldyr Pugliesi morre aos 90 anos 20\/03\/2026 &#8211; 14:23 \u00a0 Instagram Ex-deputado Waldyr Pugliesi&hellip;<\/p>\n","protected":false},"author":4,"featured_media":299405,"comment_status":"open","ping_status":"open","sticky":false,"template":"","format":"standard","meta":{"footnotes":""},"categories":[240],"tags":[],"class_list":["post-299404","post","type-post","status-publish","format-standard","has-post-thumbnail","hentry","category-camara-dos-deputados"],"_links":{"self":[{"href":"https:\/\/villanews.com.br\/index.php?rest_route=\/wp\/v2\/posts\/299404","targetHints":{"allow":["GET"]}}],"collection":[{"href":"https:\/\/villanews.com.br\/index.php?rest_route=\/wp\/v2\/posts"}],"about":[{"href":"https:\/\/villanews.com.br\/index.php?rest_route=\/wp\/v2\/types\/post"}],"author":[{"embeddable":true,"href":"https:\/\/villanews.com.br\/index.php?rest_route=\/wp\/v2\/users\/4"}],"replies":[{"embeddable":true,"href":"https:\/\/villanews.com.br\/index.php?rest_route=%2Fwp%2Fv2%2Fcomments&post=299404"}],"version-history":[{"count":0,"href":"https:\/\/villanews.com.br\/index.php?rest_route=\/wp\/v2\/posts\/299404\/revisions"}],"wp:featuredmedia":[{"embeddable":true,"href":"https:\/\/villanews.com.br\/index.php?rest_route=\/wp\/v2\/media\/299405"}],"wp:attachment":[{"href":"https:\/\/villanews.com.br\/index.php?rest_route=%2Fwp%2Fv2%2Fmedia&parent=299404"}],"wp:term":[{"taxonomy":"category","embeddable":true,"href":"https:\/\/villanews.com.br\/index.php?rest_route=%2Fwp%2Fv2%2Fcategories&post=299404"},{"taxonomy":"post_tag","embeddable":true,"href":"https:\/\/villanews.com.br\/index.php?rest_route=%2Fwp%2Fv2%2Ftags&post=299404"}],"curies":[{"name":"wp","href":"https:\/\/api.w.org\/{rel}","templated":true}]}}